{"id":24759,"date":"2022-03-16T10:45:18","date_gmt":"2022-03-16T16:45:18","guid":{"rendered":"https:\/\/encuentroinformativo.com.mx\/?p=24759"},"modified":"2022-03-16T10:45:22","modified_gmt":"2022-03-16T16:45:22","slug":"desalojan-base-de-bomberos-en-coatepec","status":"publish","type":"post","link":"https:\/\/encuentroinformativo.com.mx\/?p=24759","title":{"rendered":"Desalojan base de bomberos en Coatepec"},"content":{"rendered":"\n<p><strong>Juan Arcos <\/strong><\/p>\n\n\n\n<p>Coatepec, Ver.- Integrantes del cuerpo de bomberos de Coatepec y la regi\u00f3n bloquearon la carretera Coatepec-Xico, frente a la estaci\u00f3n, para exigir la reinstalaci\u00f3n de su comandante Diego Solano Montano.<\/p>\n\n\n\n<p>Los quejosos mantuvieron el cierre carretero solo durante 15 minutos, liberando la circulaci\u00f3n a las 9:45 horas de este mi\u00e9rcoles.<\/p>\n\n\n\n<p>Solano Montano fue notificado por el presidente del patronato David Velasco Chedraui sobre su destituci\u00f3n durante el martes 15 de marzo, situaci\u00f3n que gener\u00f3 inconformidad.<\/p>\n\n\n\n<p>El excomandante instruy\u00f3 el desalojo de las instalaciones para entregarlas a la nueva administraci\u00f3n.<\/p>\n\n\n\n<p>Los rescatistas retiraron dos ambulancias, propiedad del excomandante, tambi\u00e9n camas, colchones, herramientas, alacenas, contenedores con combustible, extintores, mesas, sillas, archiveros y dem\u00e1s art\u00edculos.<\/p>\n\n\n\n<p>Diego Solano entreg\u00f3 una motobomba, que fue donada por el gobierno del estado en 2003, una camioneta, un pizarr\u00f3n con marco de aluminio y un radio m\u00f3vil.<\/p>\n\n\n\n<p>El excomandante indic\u00f3 que fue destituido por solicitud del alcalde de Coatepec, Raymundo Andrade Rivera.<\/p>\n\n\n\n<p>Eran ocho bomberos que estaban en n\u00f3mina del ayuntamiento de Coatepec, junto con el excomandante. En total eran 17 rescatistas.<br><\/p>\n\n\n\n<figure class=\"wp-block-image size-large\"><img loading=\"lazy\" decoding=\"async\" width=\"1024\" height=\"576\" src=\"https:\/\/encuentroinformativo.com.mx\/wp-content\/uploads\/2022\/03\/D8B88B0E-E472-4AA8-8122-8023415AD791-1024x576.jpeg\" alt=\"\" class=\"wp-image-24761\" srcset=\"https:\/\/encuentroinformativo.com.mx\/wp-content\/uploads\/2022\/03\/D8B88B0E-E472-4AA8-8122-8023415AD791-1024x576.jpeg 1024w, https:\/\/encuentroinformativo.com.mx\/wp-content\/uploads\/2022\/03\/D8B88B0E-E472-4AA8-8122-8023415AD791-300x169.jpeg 300w, https:\/\/encuentroinformativo.com.mx\/wp-content\/uploads\/2022\/03\/D8B88B0E-E472-4AA8-8122-8023415AD791-768x432.jpeg 768w, https:\/\/encuentroinformativo.com.mx\/wp-content\/uploads\/2022\/03\/D8B88B0E-E472-4AA8-8122-8023415AD791-1536x864.jpeg 1536w, https:\/\/encuentroinformativo.com.mx\/wp-content\/uploads\/2022\/03\/D8B88B0E-E472-4AA8-8122-8023415AD791.jpeg 1760w\" sizes=\"auto, (max-width: 1024px) 100vw, 1024px\" \/><\/figure>\n","protected":false},"excerpt":{"rendered":"<p>Juan Arcos Coatepec, Ver.- Integrantes del cuerpo de bomberos de Coatepec y la regi\u00f3n bloquearon la carretera Coatepec-Xico, frente a la estaci\u00f3n, para exigir la reinstalaci\u00f3n de su comandante Diego Solano Montano. Los quejosos mantuvieron el cierre carretero solo durante 15 minutos, liberando la circulaci\u00f3n a las 9:45 horas de este mi\u00e9rcoles. Solano Montano fue [&hellip;]<\/p>\n","protected":false},"author":1,"featured_media":24760,"comment_status":"open","ping_status":"open","sticky":false,"template":"","format":"standard","meta":{"_jetpack_memberships_contains_paid_content":false,"footnotes":""},"categories":[8],"tags":[],"class_list":["post-24759","post","type-post","status-publish","format-standard","has-post-thumbnail","hentry","category-region"],"jetpack_featured_media_url":"https:\/\/encuentroinformativo.com.mx\/wp-content\/uploads\/2022\/03\/D197F7C1-E355-456B-9FEA-93C1B95C7A74.jpeg","jetpack_sharing_enabled":true,"jetpack_likes_enabled":true,"amp_enabled":true,"_links":{"self":[{"href":"https:\/\/encuentroinformativo.com.mx\/index.php?rest_route=\/wp\/v2\/posts\/24759","targetHints":{"allow":["GET"]}}],"collection":[{"href":"https:\/\/encuentroinformativo.com.mx\/index.php?rest_route=\/wp\/v2\/posts"}],"about":[{"href":"https:\/\/encuentroinformativo.com.mx\/index.php?rest_route=\/wp\/v2\/types\/post"}],"author":[{"embeddable":true,"href":"https:\/\/encuentroinformativo.com.mx\/index.php?rest_route=\/wp\/v2\/users\/1"}],"replies":[{"embeddable":true,"href":"https:\/\/encuentroinformativo.com.mx\/index.php?rest_route=%2Fwp%2Fv2%2Fcomments&post=24759"}],"version-history":[{"count":1,"href":"https:\/\/encuentroinformativo.com.mx\/index.php?rest_route=\/wp\/v2\/posts\/24759\/revisions"}],"predecessor-version":[{"id":24762,"href":"https:\/\/encuentroinformativo.com.mx\/index.php?rest_route=\/wp\/v2\/posts\/24759\/revisions\/24762"}],"wp:featuredmedia":[{"embeddable":true,"href":"https:\/\/encuentroinformativo.com.mx\/index.php?rest_route=\/wp\/v2\/media\/24760"}],"wp:attachment":[{"href":"https:\/\/encuentroinformativo.com.mx\/index.php?rest_route=%2Fwp%2Fv2%2Fmedia&parent=24759"}],"wp:term":[{"taxonomy":"category","embeddable":true,"href":"https:\/\/encuentroinformativo.com.mx\/index.php?rest_route=%2Fwp%2Fv2%2Fcategories&post=24759"},{"taxonomy":"post_tag","embeddable":true,"href":"https:\/\/encuentroinformativo.com.mx\/index.php?rest_route=%2Fwp%2Fv2%2Ftags&post=24759"}],"curies":[{"name":"wp","href":"https:\/\/api.w.org\/{rel}","templated":true}]}}