{"id":24763,"date":"2022-03-16T12:17:54","date_gmt":"2022-03-16T18:17:54","guid":{"rendered":"https:\/\/encuentroinformativo.com.mx\/?p=24763"},"modified":"2022-03-16T13:10:02","modified_gmt":"2022-03-16T19:10:02","slug":"me-fabricaron-delitos-denuncia-adriana-ex-funcionaria-de-fiscalia","status":"publish","type":"post","link":"https:\/\/encuentroinformativo.com.mx\/?p=24763","title":{"rendered":"Me fabricaron delitos; denuncia Adriana, ex funcionaria de Fiscal\u00eda"},"content":{"rendered":"\n<p><strong>Dar\u00edo Pale<\/strong><\/p>\n\n\n\n<p>Xalapa, Ver.- Despu\u00e9s de m\u00e1s de cien d\u00edas de haber estado detenida en el reclusorio de Tuxpan, la &nbsp;extitular de la Unidad de G\u00e9nero de la Fiscal\u00eda General del Estado, Adriana Vichi quien fue acusada por el delito de ultrajes a la autoridad, obtuvo su libertad, tras lograr un amparo.<\/p>\n\n\n\n<p>En conferencia de prensa, su abogado, Arturo Nicol\u00e1s Baltazar, denunci\u00f3 que la Polic\u00eda Ministerial &#8220;invent\u00f3&#8221; un Informe Policial Homologado (IPH), ya que en este se dice que a las 2:00 de la ma\u00f1ana del 2 de diciembre le procesan su celular, despu\u00e9s de que ella supuestamente los agredi\u00f3 a la 1:45 de la madrugada con el mismo.<\/p>\n\n\n\n<p>&#8220;Ellos dicen que le aseguran el celular, que se lo quitan de su radio de acci\u00f3n, lo embalan, lo etiquetan y que ella ya no lo tiene nunca a su disposici\u00f3n, dijeron que lo aseguraron porque los agredi\u00f3 ment\u00e1ndoles la madre y les avent\u00f3 el celular&#8221;, coment\u00f3.<\/p>\n\n\n\n<p>En uso de la voz, la exfuncionaria sostuvo que jam\u00e1s fue detenida, jam\u00e1s la esposaron y jam\u00e1s trat\u00f3 de impedir la detenci\u00f3n del alcalde electo de Lerdo de Tejada, Jorge Fabi\u00e1n &#8220;N&#8221;.<\/p>\n\n\n\n<p>El IPH dice que estaba grabando con su tel\u00e9fono luego de agredirlos, por lo que la esposan, luego supuestamente la trasladan a la Unidad Integral de Procuraci\u00f3n de Justicia, ubicada en la calle Miami, de esta capital, y que a las 2:05 lo recogen del pasillo de un hotel (Fiesta Inn) y lo embalan.<\/p>\n\n\n\n<p>Sin embargo, a las 6:38 am, cuando se dio cuenta de que le estaban armando un &#8220;tamal&#8221;, le mand\u00f3 un mensaje a su esposo y para ello tom\u00f3 su celular de su bolsa, porque siempre lo tuvo consigo.<\/p>\n\n\n\n<p>Dicha prueba fue mostrada al juez de control, pero a\u00fan as\u00ed la vinculan a proceso y estuvo m\u00e1s de tres meses privada de su libertad, a pesar de que en el mensaje que envi\u00f3 a su esposo tambi\u00e9n va su ubicaci\u00f3n y la hora.<\/p>\n\n\n\n<p>&#8220;C\u00f3mo se explica entonces que si a las 2:05 me quitan el tel\u00e9fono y lo embalan, lo sellan, se lo llevan y lo resguardan y adem\u00e1s, supuestamente ya estaba yo esposada y detenida, \u00bfc\u00f3mo se explican que a las 6:38 yo me conect\u00e9 y le mando un mensaje a mi esposo y le mando la ubicaci\u00f3n?&#8221;, pregunt\u00f3.<\/p>\n\n\n\n<p>Denunci\u00f3 que escuch\u00f3 como estaban acordando &#8220;armar&#8221; el IPH por el delito de ultrajes, pero indic\u00f3 que a la supuesta polic\u00eda que ultraj\u00f3 la conoci\u00f3 en la direcci\u00f3n de la Polic\u00eda Ministerial, mientras que al polic\u00eda que supuestamente la detiene y esposa lo conoci\u00f3 en la Unidad Integral.<\/p>\n\n\n\n<p>Finalmente dio a conocer que, &#8220;soy inocente, me exhibieron, violaron mi intimidad, me exhibieron como madre, como hija, como esposa, como amiga, me pusieron en un lugar&#8230; no comet\u00ed ning\u00fan delito, me se\u00f1alaron socialmente, yo creo que eso no es justo, eso es violencia de g\u00e9nero, no podemos permitir que sigan violentando as\u00ed a las mujeres&#8221;.<\/p>\n","protected":false},"excerpt":{"rendered":"<p>Dar\u00edo Pale Xalapa, Ver.- Despu\u00e9s de m\u00e1s de cien d\u00edas de haber estado detenida en el reclusorio de Tuxpan, la &nbsp;extitular de la Unidad de G\u00e9nero de la Fiscal\u00eda General del Estado, Adriana Vichi quien fue acusada por el delito de ultrajes a la autoridad, obtuvo su libertad, tras lograr un amparo. En conferencia de [&hellip;]<\/p>\n","protected":false},"author":1,"featured_media":24772,"comment_status":"open","ping_status":"open","sticky":false,"template":"","format":"standard","meta":{"_jetpack_memberships_contains_paid_content":false,"footnotes":""},"categories":[3],"tags":[],"class_list":["post-24763","post","type-post","status-publish","format-standard","has-post-thumbnail","hentry","category-xalapa"],"jetpack_featured_media_url":"https:\/\/encuentroinformativo.com.mx\/wp-content\/uploads\/2022\/03\/2D97C439-CE54-4827-9DE6-D5762BCC8FBA.jpeg","jetpack_sharing_enabled":true,"jetpack_likes_enabled":true,"amp_enabled":true,"_links":{"self":[{"href":"https:\/\/encuentroinformativo.com.mx\/index.php?rest_route=\/wp\/v2\/posts\/24763","targetHints":{"allow":["GET"]}}],"collection":[{"href":"https:\/\/encuentroinformativo.com.mx\/index.php?rest_route=\/wp\/v2\/posts"}],"about":[{"href":"https:\/\/encuentroinformativo.com.mx\/index.php?rest_route=\/wp\/v2\/types\/post"}],"author":[{"embeddable":true,"href":"https:\/\/encuentroinformativo.com.mx\/index.php?rest_route=\/wp\/v2\/users\/1"}],"replies":[{"embeddable":true,"href":"https:\/\/encuentroinformativo.com.mx\/index.php?rest_route=%2Fwp%2Fv2%2Fcomments&post=24763"}],"version-history":[{"count":2,"href":"https:\/\/encuentroinformativo.com.mx\/index.php?rest_route=\/wp\/v2\/posts\/24763\/revisions"}],"predecessor-version":[{"id":24773,"href":"https:\/\/encuentroinformativo.com.mx\/index.php?rest_route=\/wp\/v2\/posts\/24763\/revisions\/24773"}],"wp:featuredmedia":[{"embeddable":true,"href":"https:\/\/encuentroinformativo.com.mx\/index.php?rest_route=\/wp\/v2\/media\/24772"}],"wp:attachment":[{"href":"https:\/\/encuentroinformativo.com.mx\/index.php?rest_route=%2Fwp%2Fv2%2Fmedia&parent=24763"}],"wp:term":[{"taxonomy":"category","embeddable":true,"href":"https:\/\/encuentroinformativo.com.mx\/index.php?rest_route=%2Fwp%2Fv2%2Fcategories&post=24763"},{"taxonomy":"post_tag","embeddable":true,"href":"https:\/\/encuentroinformativo.com.mx\/index.php?rest_route=%2Fwp%2Fv2%2Ftags&post=24763"}],"curies":[{"name":"wp","href":"https:\/\/api.w.org\/{rel}","templated":true}]}}