{"id":24777,"date":"2022-03-16T13:47:53","date_gmt":"2022-03-16T19:47:53","guid":{"rendered":"https:\/\/encuentroinformativo.com.mx\/?p=24777"},"modified":"2022-03-16T13:47:57","modified_gmt":"2022-03-16T19:47:57","slug":"siguen-abusos-de-empresas-transnacionales-cafetaleros","status":"publish","type":"post","link":"https:\/\/encuentroinformativo.com.mx\/?p=24777","title":{"rendered":"Siguen abusos de empresas transnacionales: Cafetaleros"},"content":{"rendered":"\n<p><strong>Juan Arcos<\/strong><\/p>\n\n\n\n<p>Xalapa, Ver.- Un grupo de cafeticultores protest\u00f3 frente a Palacio de Gobierno para denunciar que contin\u00faan los abusos de las empresas transnacionales contra los peque\u00f1os productores.De acuerdo con Fernando Celis Callejas, asesor de la Coordinadora Nacional de Organizaciones Cafetaleras (CNOC), los precios contin\u00faan siendo castigados por parte de las grandes empresas.<\/p>\n\n\n\n<p>En las grandes regiones cafetaleras se paga un precio promedio de 12.70 pesos el kilogramo de cereza cuando la Comisi\u00f3n de Seguimiento a los Precios indic\u00f3 que se podr\u00edan pagar 17.30 pesos.<\/p>\n\n\n\n<p>\u201cEs claro que se dio un acuerdo de las compa\u00f1\u00edas transnacionales como AMSA, California y compradores de la Nestl\u00e9 para bajar los precios afectando a los productores. Esta baja se generalizo en Huatusco, C\u00f3rdoba, Coatepec y las dem\u00e1s regiones cafetaleras de Veracruz\u201d, enfatiz\u00f3.<\/p>\n\n\n\n<p>El l\u00edder cafetalero record\u00f3 que la comisi\u00f3n de seguimiento de precios del caf\u00e9 solicit\u00f3 reiteradamente la intervenci\u00f3n del Gobierno del Estado y el Gobierno Federal para frenar el abuso de las compa\u00f1\u00edas se\u00f1aladas; sin embargo, no ha habido una respuesta positiva.<\/p>\n\n\n\n<p>En ese sentido, consider\u00f3 necesario que se establezca lo m\u00e1s pronto posible una nueva Ley del Caf\u00e9 y un organismo p\u00fablico para que se tenga un marco jur\u00eddico-institucional para que no se manejen de manera arbitraria los precios del caf\u00e9.<\/p>\n\n\n\n<p>\u201cEs necesario contar con un programa de apoyos fiscales a productores y asociaciones que les permita acceder o participar con mayor volumen de caf\u00e9 en los mercados de mayores precios como los de alta calidad, de comercio justo, org\u00e1nicos, de origen y otros\u201d, enfatiz\u00f3.<\/p>\n","protected":false},"excerpt":{"rendered":"<p>Juan Arcos Xalapa, Ver.- Un grupo de cafeticultores protest\u00f3 frente a Palacio de Gobierno para denunciar que contin\u00faan los abusos de las empresas transnacionales contra los peque\u00f1os productores.De acuerdo con Fernando Celis Callejas, asesor de la Coordinadora Nacional de Organizaciones Cafetaleras (CNOC), los precios contin\u00faan siendo castigados por parte de las grandes empresas. En las [&hellip;]<\/p>\n","protected":false},"author":1,"featured_media":24778,"comment_status":"open","ping_status":"open","sticky":false,"template":"","format":"standard","meta":{"_jetpack_memberships_contains_paid_content":false,"footnotes":""},"categories":[3],"tags":[],"class_list":["post-24777","post","type-post","status-publish","format-standard","has-post-thumbnail","hentry","category-xalapa"],"jetpack_featured_media_url":"https:\/\/encuentroinformativo.com.mx\/wp-content\/uploads\/2022\/03\/CFEF6A31-E18D-482C-9DFB-55611513AFEB.jpeg","jetpack_sharing_enabled":true,"jetpack_likes_enabled":true,"amp_enabled":true,"_links":{"self":[{"href":"https:\/\/encuentroinformativo.com.mx\/index.php?rest_route=\/wp\/v2\/posts\/24777","targetHints":{"allow":["GET"]}}],"collection":[{"href":"https:\/\/encuentroinformativo.com.mx\/index.php?rest_route=\/wp\/v2\/posts"}],"about":[{"href":"https:\/\/encuentroinformativo.com.mx\/index.php?rest_route=\/wp\/v2\/types\/post"}],"author":[{"embeddable":true,"href":"https:\/\/encuentroinformativo.com.mx\/index.php?rest_route=\/wp\/v2\/users\/1"}],"replies":[{"embeddable":true,"href":"https:\/\/encuentroinformativo.com.mx\/index.php?rest_route=%2Fwp%2Fv2%2Fcomments&post=24777"}],"version-history":[{"count":1,"href":"https:\/\/encuentroinformativo.com.mx\/index.php?rest_route=\/wp\/v2\/posts\/24777\/revisions"}],"predecessor-version":[{"id":24779,"href":"https:\/\/encuentroinformativo.com.mx\/index.php?rest_route=\/wp\/v2\/posts\/24777\/revisions\/24779"}],"wp:featuredmedia":[{"embeddable":true,"href":"https:\/\/encuentroinformativo.com.mx\/index.php?rest_route=\/wp\/v2\/media\/24778"}],"wp:attachment":[{"href":"https:\/\/encuentroinformativo.com.mx\/index.php?rest_route=%2Fwp%2Fv2%2Fmedia&parent=24777"}],"wp:term":[{"taxonomy":"category","embeddable":true,"href":"https:\/\/encuentroinformativo.com.mx\/index.php?rest_route=%2Fwp%2Fv2%2Fcategories&post=24777"},{"taxonomy":"post_tag","embeddable":true,"href":"https:\/\/encuentroinformativo.com.mx\/index.php?rest_route=%2Fwp%2Fv2%2Ftags&post=24777"}],"curies":[{"name":"wp","href":"https:\/\/api.w.org\/{rel}","templated":true}]}}