{"id":24780,"date":"2022-03-16T14:01:00","date_gmt":"2022-03-16T20:01:00","guid":{"rendered":"https:\/\/encuentroinformativo.com.mx\/?p=24780"},"modified":"2022-03-16T14:01:03","modified_gmt":"2022-03-16T20:01:03","slug":"renuncia-director-de-comercio-de-ayuntamiento-de-veracruz","status":"publish","type":"post","link":"https:\/\/encuentroinformativo.com.mx\/?p=24780","title":{"rendered":"Renuncia director de Comercio de Ayuntamiento de Veracruz"},"content":{"rendered":"\n<p><strong>Alejandro \u00c1vila<\/strong><\/p>\n\n\n\n<p>Veracruz, Ver.- El director de Comercio del Ayuntamiento de Veracruz, Jes\u00fas Sanz Barradas, present\u00f3 su renuncia con car\u00e1cter de irrevocable este martes 15 de marzo, en las oficinas del Palacio Municipal.<\/p>\n\n\n\n<p>Aunque la alcaldesa Patricia Lobeira Rodr\u00edguez, no se ha pronunciado al respecto, al interior del Palacio Municipal se presume que tuvo diferencias irreconciliables con uno de los enlaces de las direcciones.<\/p>\n\n\n\n<p>Jes\u00fas Sanz Barradas qui\u00e9n es empresario, asumi\u00f3 el cargo de la direcci\u00f3n de Comercio en enero del 2018, por invitaci\u00f3n del ex alcalde Fernando Yunes M\u00e1rquez; fue de los pocos funcionarios p\u00fablicos que repitieron en el cargo con la actual administraci\u00f3n.<\/p>\n\n\n\n<p>El ex director fue uno de los promotores del programa &#8220;Independencia Peatonal&#8221;, mismo que ayud\u00f3 a reactivar la econom\u00eda en el Centro Hist\u00f3rico del municipio de Veracruz durante la pandemia.<\/p>\n\n\n\n<p>Sanz Barradas present\u00f3 buenos n\u00fameros al t\u00e9rmino de la pasada administraci\u00f3n, lo cual le permiti\u00f3 continuar en el cargo; sin embargo, diferencias con la actual administraci\u00f3n en cuanto a los operativos y las nueva forma de trabajo, lo llevaron a dar un paso al costado.<\/p>\n","protected":false},"excerpt":{"rendered":"<p>Alejandro \u00c1vila Veracruz, Ver.- El director de Comercio del Ayuntamiento de Veracruz, Jes\u00fas Sanz Barradas, present\u00f3 su renuncia con car\u00e1cter de irrevocable este martes 15 de marzo, en las oficinas del Palacio Municipal. Aunque la alcaldesa Patricia Lobeira Rodr\u00edguez, no se ha pronunciado al respecto, al interior del Palacio Municipal se presume que tuvo diferencias [&hellip;]<\/p>\n","protected":false},"author":1,"featured_media":24781,"comment_status":"open","ping_status":"open","sticky":false,"template":"","format":"standard","meta":{"_jetpack_memberships_contains_paid_content":false,"footnotes":""},"categories":[2],"tags":[],"class_list":["post-24780","post","type-post","status-publish","format-standard","has-post-thumbnail","hentry","category-estado"],"jetpack_featured_media_url":"https:\/\/encuentroinformativo.com.mx\/wp-content\/uploads\/2022\/03\/F59CD315-29EA-4B24-9CD7-048830CECB8E.jpeg","jetpack_sharing_enabled":true,"jetpack_likes_enabled":true,"amp_enabled":true,"_links":{"self":[{"href":"https:\/\/encuentroinformativo.com.mx\/index.php?rest_route=\/wp\/v2\/posts\/24780","targetHints":{"allow":["GET"]}}],"collection":[{"href":"https:\/\/encuentroinformativo.com.mx\/index.php?rest_route=\/wp\/v2\/posts"}],"about":[{"href":"https:\/\/encuentroinformativo.com.mx\/index.php?rest_route=\/wp\/v2\/types\/post"}],"author":[{"embeddable":true,"href":"https:\/\/encuentroinformativo.com.mx\/index.php?rest_route=\/wp\/v2\/users\/1"}],"replies":[{"embeddable":true,"href":"https:\/\/encuentroinformativo.com.mx\/index.php?rest_route=%2Fwp%2Fv2%2Fcomments&post=24780"}],"version-history":[{"count":1,"href":"https:\/\/encuentroinformativo.com.mx\/index.php?rest_route=\/wp\/v2\/posts\/24780\/revisions"}],"predecessor-version":[{"id":24782,"href":"https:\/\/encuentroinformativo.com.mx\/index.php?rest_route=\/wp\/v2\/posts\/24780\/revisions\/24782"}],"wp:featuredmedia":[{"embeddable":true,"href":"https:\/\/encuentroinformativo.com.mx\/index.php?rest_route=\/wp\/v2\/media\/24781"}],"wp:attachment":[{"href":"https:\/\/encuentroinformativo.com.mx\/index.php?rest_route=%2Fwp%2Fv2%2Fmedia&parent=24780"}],"wp:term":[{"taxonomy":"category","embeddable":true,"href":"https:\/\/encuentroinformativo.com.mx\/index.php?rest_route=%2Fwp%2Fv2%2Fcategories&post=24780"},{"taxonomy":"post_tag","embeddable":true,"href":"https:\/\/encuentroinformativo.com.mx\/index.php?rest_route=%2Fwp%2Fv2%2Ftags&post=24780"}],"curies":[{"name":"wp","href":"https:\/\/api.w.org\/{rel}","templated":true}]}}