{"id":24783,"date":"2022-03-16T14:05:15","date_gmt":"2022-03-16T20:05:15","guid":{"rendered":"https:\/\/encuentroinformativo.com.mx\/?p=24783"},"modified":"2022-03-16T15:53:08","modified_gmt":"2022-03-16T21:53:08","slug":"se-defiende-alcaldesa-de-alvarado-de-acusaciones","status":"publish","type":"post","link":"https:\/\/encuentroinformativo.com.mx\/?p=24783","title":{"rendered":"Se defiende alcaldesa de Alvarado de acusaciones"},"content":{"rendered":"\n<p><strong>Alejandro \u00c1vila<\/strong><\/p>\n\n\n\n<p>Alvarado, Ver.- La alcaldesa de Alvarado, Lizette \u00c1lvarez Vera, denunci\u00f3 en un video subido a sus redes sociales, que por culpa del S\u00edndico, Jaime Abel tiburcio Herrera, se quedar\u00e1n sin el servicio de recolecci\u00f3n de basura, entre otros insumos b\u00e1sicos para la operatividad del municipio.<\/p>\n\n\n\n<p>La presidenta municipal manifest\u00f3 qu\u00e9 la denuncia interpuesta este martes ante el Tribunal Electoral de Veracruz (TEV) en su contra y del resto de los ediles del Ayuntamiento, no espec\u00edfica las irregularidades que asegura, tambi\u00e9n \u00e9l cometi\u00f3.<\/p>\n\n\n\n<p>&#8220;No manifiestas que no asiste a las sesiones de Cabildo y todo lo quieras hacer virtualmente (\u2026) mientras que para ti, el beneficio est\u00e1 en usar los recursos p\u00fablicos para tu bien personal, deber\u00edas tambi\u00e9n destacar que pediste sueldo para 12 colaboradores, una camioneta de lujo para uso personal, qu\u00e9 en el mes de enero me quisiste agredir f\u00edsicamente ante la presencia de los compa\u00f1eros ediles, situaci\u00f3n que qued\u00f3 grabada&#8221;.<\/p>\n\n\n\n<p>&#8220;Como representante legal, no has querido firmar documentos tan importantes, como la contrataci\u00f3n de proveedores de servicios b\u00e1sicos, llev\u00e1ndonos casi al colapso, porque en breve, no tendremos el servicio de recolecci\u00f3n de basura, alumbrado p\u00fablico, gasolina e insumos que permiten la movilidad de nuestro gobierno y el DIF municipal&#8221;, asest\u00f3.<\/p>\n\n\n\n<p>En compa\u00f1\u00eda del cuerpo edilicio y de los trabajadores del Ayuntamiento, dentro de la Sala de Cabildo acus\u00f3 qu\u00e9, el S\u00edndico no se puede un ufanar de ser la persona que &#8220;abre o cierra los apoyos de Gobierno del Estado&#8221;.<\/p>\n\n\n\n<p>Finalmente aseguro que, lo que se logre en colaboraci\u00f3n con el Gobierno del Estado y Gobierno Federal, ser\u00e1 para buscar el beneficio de toda la poblaci\u00f3n de Alvarado, y no el personal.<\/p>\n","protected":false},"excerpt":{"rendered":"<p>Alejandro \u00c1vila Alvarado, Ver.- La alcaldesa de Alvarado, Lizette \u00c1lvarez Vera, denunci\u00f3 en un video subido a sus redes sociales, que por culpa del S\u00edndico, Jaime Abel tiburcio Herrera, se quedar\u00e1n sin el servicio de recolecci\u00f3n de basura, entre otros insumos b\u00e1sicos para la operatividad del municipio. La presidenta municipal manifest\u00f3 qu\u00e9 la denuncia interpuesta [&hellip;]<\/p>\n","protected":false},"author":1,"featured_media":24792,"comment_status":"open","ping_status":"open","sticky":false,"template":"","format":"standard","meta":{"_jetpack_memberships_contains_paid_content":false,"footnotes":""},"categories":[2],"tags":[],"class_list":["post-24783","post","type-post","status-publish","format-standard","has-post-thumbnail","hentry","category-estado"],"jetpack_featured_media_url":"https:\/\/encuentroinformativo.com.mx\/wp-content\/uploads\/2022\/03\/097233DF-F85F-4706-918F-C4F91BDBA0F9.jpeg","jetpack_sharing_enabled":true,"jetpack_likes_enabled":true,"amp_enabled":true,"_links":{"self":[{"href":"https:\/\/encuentroinformativo.com.mx\/index.php?rest_route=\/wp\/v2\/posts\/24783","targetHints":{"allow":["GET"]}}],"collection":[{"href":"https:\/\/encuentroinformativo.com.mx\/index.php?rest_route=\/wp\/v2\/posts"}],"about":[{"href":"https:\/\/encuentroinformativo.com.mx\/index.php?rest_route=\/wp\/v2\/types\/post"}],"author":[{"embeddable":true,"href":"https:\/\/encuentroinformativo.com.mx\/index.php?rest_route=\/wp\/v2\/users\/1"}],"replies":[{"embeddable":true,"href":"https:\/\/encuentroinformativo.com.mx\/index.php?rest_route=%2Fwp%2Fv2%2Fcomments&post=24783"}],"version-history":[{"count":1,"href":"https:\/\/encuentroinformativo.com.mx\/index.php?rest_route=\/wp\/v2\/posts\/24783\/revisions"}],"predecessor-version":[{"id":24785,"href":"https:\/\/encuentroinformativo.com.mx\/index.php?rest_route=\/wp\/v2\/posts\/24783\/revisions\/24785"}],"wp:featuredmedia":[{"embeddable":true,"href":"https:\/\/encuentroinformativo.com.mx\/index.php?rest_route=\/wp\/v2\/media\/24792"}],"wp:attachment":[{"href":"https:\/\/encuentroinformativo.com.mx\/index.php?rest_route=%2Fwp%2Fv2%2Fmedia&parent=24783"}],"wp:term":[{"taxonomy":"category","embeddable":true,"href":"https:\/\/encuentroinformativo.com.mx\/index.php?rest_route=%2Fwp%2Fv2%2Fcategories&post=24783"},{"taxonomy":"post_tag","embeddable":true,"href":"https:\/\/encuentroinformativo.com.mx\/index.php?rest_route=%2Fwp%2Fv2%2Ftags&post=24783"}],"curies":[{"name":"wp","href":"https:\/\/api.w.org\/{rel}","templated":true}]}}