{"id":24786,"date":"2022-03-16T14:37:03","date_gmt":"2022-03-16T20:37:03","guid":{"rendered":"https:\/\/encuentroinformativo.com.mx\/?p=24786"},"modified":"2022-03-16T14:37:07","modified_gmt":"2022-03-16T20:37:07","slug":"comerciantes-se-quejan-por-aumento-de-robos","status":"publish","type":"post","link":"https:\/\/encuentroinformativo.com.mx\/?p=24786","title":{"rendered":"Comerciantes se quejan por aumento de robos"},"content":{"rendered":"\n<p><strong>Juan Arcos<\/strong><\/p>\n\n\n\n<p>Xalapa, Ver.- Vecinos y comerciantes de la calle Hidalgo, en el Centro Hist\u00f3rico de Xalapa, reportan que los robos han repuntado durante las \u00faltimas semanas.<\/p>\n\n\n\n<p>Hace aproximadamente un mes fue hurtada una motocicleta que se encontraba estacionada en la v\u00eda p\u00fablica. Tambi\u00e9n se han robado la tuber\u00eda de cobre en las viviendas y establecimientos hace dos meses.<\/p>\n\n\n\n<p>Los afectados denunciaron de manera an\u00f3nima que los ladrones cortaron con una segueta la base met\u00e1lica de bicicletas que estaba sobre la calle Hidalgo.<\/p>\n\n\n\n<p>La semana pasada, a las 12:00 horas, los delincuentes ingresaron a un negocio y hurtaron una pantalla de 32 pulgadas, misma que cubrieron con un mantel.<\/p>\n\n\n\n<p>\u201cMe robaron mi pantalla, me descuid\u00e9 para atender algo, mi establecimiento tiene dos secciones, la televisi\u00f3n estaba en la primera secci\u00f3n, alguien entr\u00f3 y se rob\u00f3 la pantalla, quiero denunciar este tipo de actos que se est\u00e1n dando en nuestra ciudad\u201d, expres\u00f3 una afectada, quien omiti\u00f3 su nombre por temor a represalias.<\/p>\n\n\n\n<p>En la zona es escasa la presencia de elementos de la Polic\u00eda Estatal y Municipal, pese a que la torre de la Secretar\u00eda de Seguridad P\u00fablica (SSP) se encuentra a solo unas cuadras.<\/p>\n\n\n\n<p>Los vecinos y peque\u00f1os empresarios analizan la posibilidad de invertir para instalar c\u00e1maras de videovigilancia y as\u00ed detectar a quienes cometen los atracos.<\/p>\n\n\n\n<p>\u201cNos obliga a instalar c\u00e1maras de seguridad pero eso no nos ayuda mucho porque sal\u00ed a buscar ayuda y no hab\u00eda nadie a qui\u00e9n recurrir\u201d, enfatiz\u00f3 la comerciante.<\/p>\n","protected":false},"excerpt":{"rendered":"<p>Juan Arcos Xalapa, Ver.- Vecinos y comerciantes de la calle Hidalgo, en el Centro Hist\u00f3rico de Xalapa, reportan que los robos han repuntado durante las \u00faltimas semanas. Hace aproximadamente un mes fue hurtada una motocicleta que se encontraba estacionada en la v\u00eda p\u00fablica. Tambi\u00e9n se han robado la tuber\u00eda de cobre en las viviendas y [&hellip;]<\/p>\n","protected":false},"author":1,"featured_media":24787,"comment_status":"open","ping_status":"open","sticky":false,"template":"","format":"standard","meta":{"_jetpack_memberships_contains_paid_content":false,"footnotes":""},"categories":[3],"tags":[],"class_list":["post-24786","post","type-post","status-publish","format-standard","has-post-thumbnail","hentry","category-xalapa"],"jetpack_featured_media_url":"https:\/\/encuentroinformativo.com.mx\/wp-content\/uploads\/2022\/03\/553CD985-612D-4C4C-8D88-DAD632523353.jpeg","jetpack_sharing_enabled":true,"jetpack_likes_enabled":true,"amp_enabled":true,"_links":{"self":[{"href":"https:\/\/encuentroinformativo.com.mx\/index.php?rest_route=\/wp\/v2\/posts\/24786","targetHints":{"allow":["GET"]}}],"collection":[{"href":"https:\/\/encuentroinformativo.com.mx\/index.php?rest_route=\/wp\/v2\/posts"}],"about":[{"href":"https:\/\/encuentroinformativo.com.mx\/index.php?rest_route=\/wp\/v2\/types\/post"}],"author":[{"embeddable":true,"href":"https:\/\/encuentroinformativo.com.mx\/index.php?rest_route=\/wp\/v2\/users\/1"}],"replies":[{"embeddable":true,"href":"https:\/\/encuentroinformativo.com.mx\/index.php?rest_route=%2Fwp%2Fv2%2Fcomments&post=24786"}],"version-history":[{"count":1,"href":"https:\/\/encuentroinformativo.com.mx\/index.php?rest_route=\/wp\/v2\/posts\/24786\/revisions"}],"predecessor-version":[{"id":24788,"href":"https:\/\/encuentroinformativo.com.mx\/index.php?rest_route=\/wp\/v2\/posts\/24786\/revisions\/24788"}],"wp:featuredmedia":[{"embeddable":true,"href":"https:\/\/encuentroinformativo.com.mx\/index.php?rest_route=\/wp\/v2\/media\/24787"}],"wp:attachment":[{"href":"https:\/\/encuentroinformativo.com.mx\/index.php?rest_route=%2Fwp%2Fv2%2Fmedia&parent=24786"}],"wp:term":[{"taxonomy":"category","embeddable":true,"href":"https:\/\/encuentroinformativo.com.mx\/index.php?rest_route=%2Fwp%2Fv2%2Fcategories&post=24786"},{"taxonomy":"post_tag","embeddable":true,"href":"https:\/\/encuentroinformativo.com.mx\/index.php?rest_route=%2Fwp%2Fv2%2Ftags&post=24786"}],"curies":[{"name":"wp","href":"https:\/\/api.w.org\/{rel}","templated":true}]}}