{"id":24793,"date":"2022-03-16T17:36:38","date_gmt":"2022-03-16T23:36:38","guid":{"rendered":"https:\/\/encuentroinformativo.com.mx\/?p=24793"},"modified":"2022-03-16T17:36:42","modified_gmt":"2022-03-16T23:36:42","slug":"dan-de-baja-10-policias-estatales","status":"publish","type":"post","link":"https:\/\/encuentroinformativo.com.mx\/?p=24793","title":{"rendered":"Dan de baja 10 polic\u00edas estatales"},"content":{"rendered":"\n<p><strong>Dar\u00edo Pale<\/strong><\/p>\n\n\n\n<p>Xalapa, Ver.- Se han dado de baja a 10 polic\u00edas de la Secretar\u00eda de Seguridad P\u00fablica (SSP), en lo que va del 2022, as\u00ed lo inform\u00f3 el titular de dicha dependencia Hugo Guti\u00e9rrez Maldonado.<\/p>\n\n\n\n<p>Entrevistado al final de la presentaci\u00f3n del programa de Acceso a la Vivienda para Polic\u00eda de Veracruz, dijo que se prescindi\u00f3 de sus servicios debido a que estaban relacionados con actos de corrupci\u00f3n, hab\u00eda quejas ciudadanas en su contra y en algunos casos por no cumplir con las \u00f3rdenes de trabajo.<\/p>\n\n\n\n<p>Dio a conocer que la cifra no es alta, por el contrario, se puede considerar constante, dado que cada a\u00f1o se presenta una cantidad similar de bajas de servicios y cese de personal.<\/p>\n\n\n\n<p>\u201cHasta el d\u00eda de hoy como diez polic\u00edas en lo que va del a\u00f1o, por varias circunstancias. Por corrupci\u00f3n, quejas de los ciudadanos, por no hacer caso a indicaciones. Va siendo igual (el n\u00famero) a otros a\u00f1os&#8221;, coment\u00f3.<\/p>\n\n\n\n<p>Por \u00faltimo coment\u00f3 que tanto el a\u00f1o pasado, como lo que va del 2022, en total se han registrado 26 decesos de polic\u00edas que perdieron la vida en cumplimiento del deber.<\/p>\n","protected":false},"excerpt":{"rendered":"<p>Dar\u00edo Pale Xalapa, Ver.- Se han dado de baja a 10 polic\u00edas de la Secretar\u00eda de Seguridad P\u00fablica (SSP), en lo que va del 2022, as\u00ed lo inform\u00f3 el titular de dicha dependencia Hugo Guti\u00e9rrez Maldonado. Entrevistado al final de la presentaci\u00f3n del programa de Acceso a la Vivienda para Polic\u00eda de Veracruz, dijo que [&hellip;]<\/p>\n","protected":false},"author":1,"featured_media":24770,"comment_status":"open","ping_status":"open","sticky":false,"template":"","format":"standard","meta":{"_jetpack_memberships_contains_paid_content":false,"footnotes":""},"categories":[2],"tags":[],"class_list":["post-24793","post","type-post","status-publish","format-standard","has-post-thumbnail","hentry","category-estado"],"jetpack_featured_media_url":"https:\/\/encuentroinformativo.com.mx\/wp-content\/uploads\/2022\/03\/F7AE029F-621F-4895-9DEB-3AAB4A820584.jpeg","jetpack_sharing_enabled":true,"jetpack_likes_enabled":true,"amp_enabled":true,"_links":{"self":[{"href":"https:\/\/encuentroinformativo.com.mx\/index.php?rest_route=\/wp\/v2\/posts\/24793","targetHints":{"allow":["GET"]}}],"collection":[{"href":"https:\/\/encuentroinformativo.com.mx\/index.php?rest_route=\/wp\/v2\/posts"}],"about":[{"href":"https:\/\/encuentroinformativo.com.mx\/index.php?rest_route=\/wp\/v2\/types\/post"}],"author":[{"embeddable":true,"href":"https:\/\/encuentroinformativo.com.mx\/index.php?rest_route=\/wp\/v2\/users\/1"}],"replies":[{"embeddable":true,"href":"https:\/\/encuentroinformativo.com.mx\/index.php?rest_route=%2Fwp%2Fv2%2Fcomments&post=24793"}],"version-history":[{"count":1,"href":"https:\/\/encuentroinformativo.com.mx\/index.php?rest_route=\/wp\/v2\/posts\/24793\/revisions"}],"predecessor-version":[{"id":24794,"href":"https:\/\/encuentroinformativo.com.mx\/index.php?rest_route=\/wp\/v2\/posts\/24793\/revisions\/24794"}],"wp:featuredmedia":[{"embeddable":true,"href":"https:\/\/encuentroinformativo.com.mx\/index.php?rest_route=\/wp\/v2\/media\/24770"}],"wp:attachment":[{"href":"https:\/\/encuentroinformativo.com.mx\/index.php?rest_route=%2Fwp%2Fv2%2Fmedia&parent=24793"}],"wp:term":[{"taxonomy":"category","embeddable":true,"href":"https:\/\/encuentroinformativo.com.mx\/index.php?rest_route=%2Fwp%2Fv2%2Fcategories&post=24793"},{"taxonomy":"post_tag","embeddable":true,"href":"https:\/\/encuentroinformativo.com.mx\/index.php?rest_route=%2Fwp%2Fv2%2Ftags&post=24793"}],"curies":[{"name":"wp","href":"https:\/\/api.w.org\/{rel}","templated":true}]}}