{"id":24802,"date":"2022-03-17T11:24:49","date_gmt":"2022-03-17T17:24:49","guid":{"rendered":"https:\/\/encuentroinformativo.com.mx\/?p=24802"},"modified":"2022-03-17T12:31:17","modified_gmt":"2022-03-17T18:31:17","slug":"insisten-en-defensa-de-escuelas-de-tiempo-completo","status":"publish","type":"post","link":"https:\/\/encuentroinformativo.com.mx\/?p=24802","title":{"rendered":"Insisten en defensa de Escuelas de Tiempo Completo"},"content":{"rendered":"\n<p><strong>Dar\u00edo Pale <\/strong><\/p>\n\n\n\n<p>Xalapa, Ver.- Lorena Ixtepan Mart\u00ednez coordinadora en Veracruz de la Federaci\u00f3n Nacional de Estudiantes Revolucionarios &#8220;Rafael Ram\u00edrez&#8221; (FNERRR), dio a conocer que la manifestaci\u00f3n que est\u00e1n realizando el d\u00eda de hoy es en defensa de las &#8220;escuelas de Tiempo Completo&#8221; (ETC).<\/p>\n\n\n\n<p>Entrevistada durante la manifestaci\u00f3n se\u00f1al\u00f3 que su postura como federaci\u00f3n ante el cierre de las escuelas de tiempo completo, consideran que esta medida implementada por los gobiernos ferales y estatales, son insensibles porque est\u00e1n afectando la educaci\u00f3n de 3.6 millones de estudiantes a nivel nacional.<\/p>\n\n\n\n<p>Coment\u00f3 que a nivel estatal se ven afectados aproximadamente 60 mil estudiantes, ya que consideran que los ni\u00f1os no van a votar en el 2024 e les est\u00e1 dejando a la deriva, ya que el pretexto que pone el gobierno federal es que pareciera que estas escuelas no son necesarias.<\/p>\n\n\n\n<p>&#8220;Este programa desde hace m\u00e1s de 20 a\u00f1os ha dado frutos y frutos reales de j\u00f3venes que tuvieron una oportunidad. M\u00e1s ya que sea or que su mama era madre o padre soltero o porque sus pap\u00e1s tuvieron que ir a trabajar en las f\u00e1bricas&#8221;, coment\u00f3.<\/p>\n\n\n\n<p>&#8220;En donde est\u00e1s escuelas cabe resaltar que se les dan clases, alimentaci\u00f3n, les ponen actividades recreativas, clases de ingl\u00e9s, de computaci\u00f3n, como federaci\u00f3n no estamos de acuerdo, a nivel estatal ya se pronunci\u00f3 el gobierno del estado, ya se pronunci\u00f3 el licenciado Zenyazen Escobar Garc\u00eda y dijeron que cono estado muy probablemente se pudiera atender este programa de las escuelas de tiempo completo&#8221;, agreg\u00f3.<\/p>\n\n\n\n<p>Lo que ellos est\u00e1n solicitando a las autoridades que no est\u00e1n de acuerdo ya que para destinar recursos a ese programa en el estado van a dejar desprotegida otras \u00e1reas y desconocen que dependencia se lo quitaran, pudiera ser al sector salud, o a cualquier otro que ya se a visto afectado.<\/p>\n\n\n\n<p>Finalmente se\u00f1al\u00f3 que continuar\u00e1n insistiendo y de ser necesario tendr\u00e1n que movilizar a m\u00e1s gente, pero lo que tiene que hace la SEP es dar marcha atr\u00e1s con la medida que implementaron.<\/p>\n\n\n\n<figure class=\"wp-block-image size-large\"><img loading=\"lazy\" decoding=\"async\" width=\"1024\" height=\"683\" src=\"https:\/\/encuentroinformativo.com.mx\/wp-content\/uploads\/2022\/03\/9C7C926D-F26D-47E4-9978-497A9E1F900C-1024x683.jpeg\" alt=\"\" class=\"wp-image-24813\" srcset=\"https:\/\/encuentroinformativo.com.mx\/wp-content\/uploads\/2022\/03\/9C7C926D-F26D-47E4-9978-497A9E1F900C-1024x683.jpeg 1024w, https:\/\/encuentroinformativo.com.mx\/wp-content\/uploads\/2022\/03\/9C7C926D-F26D-47E4-9978-497A9E1F900C-300x200.jpeg 300w, https:\/\/encuentroinformativo.com.mx\/wp-content\/uploads\/2022\/03\/9C7C926D-F26D-47E4-9978-497A9E1F900C-768x512.jpeg 768w, https:\/\/encuentroinformativo.com.mx\/wp-content\/uploads\/2022\/03\/9C7C926D-F26D-47E4-9978-497A9E1F900C-1536x1024.jpeg 1536w, https:\/\/encuentroinformativo.com.mx\/wp-content\/uploads\/2022\/03\/9C7C926D-F26D-47E4-9978-497A9E1F900C.jpeg 1600w\" sizes=\"auto, (max-width: 1024px) 100vw, 1024px\" \/><\/figure>\n\n\n\n<figure class=\"wp-block-image size-large\"><img loading=\"lazy\" decoding=\"async\" width=\"1024\" height=\"768\" src=\"https:\/\/encuentroinformativo.com.mx\/wp-content\/uploads\/2022\/03\/09BEE021-BE9D-4BCF-81A1-F6AD214BB309-1024x768.jpeg\" alt=\"\" class=\"wp-image-24804\" srcset=\"https:\/\/encuentroinformativo.com.mx\/wp-content\/uploads\/2022\/03\/09BEE021-BE9D-4BCF-81A1-F6AD214BB309-1024x768.jpeg 1024w, https:\/\/encuentroinformativo.com.mx\/wp-content\/uploads\/2022\/03\/09BEE021-BE9D-4BCF-81A1-F6AD214BB309-300x225.jpeg 300w, https:\/\/encuentroinformativo.com.mx\/wp-content\/uploads\/2022\/03\/09BEE021-BE9D-4BCF-81A1-F6AD214BB309-768x576.jpeg 768w, https:\/\/encuentroinformativo.com.mx\/wp-content\/uploads\/2022\/03\/09BEE021-BE9D-4BCF-81A1-F6AD214BB309-1536x1152.jpeg 1536w, https:\/\/encuentroinformativo.com.mx\/wp-content\/uploads\/2022\/03\/09BEE021-BE9D-4BCF-81A1-F6AD214BB309.jpeg 1600w\" sizes=\"auto, (max-width: 1024px) 100vw, 1024px\" \/><\/figure>\n","protected":false},"excerpt":{"rendered":"<p>Dar\u00edo Pale Xalapa, Ver.- Lorena Ixtepan Mart\u00ednez coordinadora en Veracruz de la Federaci\u00f3n Nacional de Estudiantes Revolucionarios &#8220;Rafael Ram\u00edrez&#8221; (FNERRR), dio a conocer que la manifestaci\u00f3n que est\u00e1n realizando el d\u00eda de hoy es en defensa de las &#8220;escuelas de Tiempo Completo&#8221; (ETC). Entrevistada durante la manifestaci\u00f3n se\u00f1al\u00f3 que su postura como federaci\u00f3n ante el [&hellip;]<\/p>\n","protected":false},"author":1,"featured_media":24812,"comment_status":"open","ping_status":"open","sticky":false,"template":"","format":"standard","meta":{"_jetpack_memberships_contains_paid_content":false,"footnotes":""},"categories":[3],"tags":[],"class_list":["post-24802","post","type-post","status-publish","format-standard","has-post-thumbnail","hentry","category-xalapa"],"jetpack_featured_media_url":"https:\/\/encuentroinformativo.com.mx\/wp-content\/uploads\/2022\/03\/11882FE0-9925-4346-BCCD-632350E5F4A2.jpeg","jetpack_sharing_enabled":true,"jetpack_likes_enabled":true,"amp_enabled":true,"_links":{"self":[{"href":"https:\/\/encuentroinformativo.com.mx\/index.php?rest_route=\/wp\/v2\/posts\/24802","targetHints":{"allow":["GET"]}}],"collection":[{"href":"https:\/\/encuentroinformativo.com.mx\/index.php?rest_route=\/wp\/v2\/posts"}],"about":[{"href":"https:\/\/encuentroinformativo.com.mx\/index.php?rest_route=\/wp\/v2\/types\/post"}],"author":[{"embeddable":true,"href":"https:\/\/encuentroinformativo.com.mx\/index.php?rest_route=\/wp\/v2\/users\/1"}],"replies":[{"embeddable":true,"href":"https:\/\/encuentroinformativo.com.mx\/index.php?rest_route=%2Fwp%2Fv2%2Fcomments&post=24802"}],"version-history":[{"count":2,"href":"https:\/\/encuentroinformativo.com.mx\/index.php?rest_route=\/wp\/v2\/posts\/24802\/revisions"}],"predecessor-version":[{"id":24814,"href":"https:\/\/encuentroinformativo.com.mx\/index.php?rest_route=\/wp\/v2\/posts\/24802\/revisions\/24814"}],"wp:featuredmedia":[{"embeddable":true,"href":"https:\/\/encuentroinformativo.com.mx\/index.php?rest_route=\/wp\/v2\/media\/24812"}],"wp:attachment":[{"href":"https:\/\/encuentroinformativo.com.mx\/index.php?rest_route=%2Fwp%2Fv2%2Fmedia&parent=24802"}],"wp:term":[{"taxonomy":"category","embeddable":true,"href":"https:\/\/encuentroinformativo.com.mx\/index.php?rest_route=%2Fwp%2Fv2%2Fcategories&post=24802"},{"taxonomy":"post_tag","embeddable":true,"href":"https:\/\/encuentroinformativo.com.mx\/index.php?rest_route=%2Fwp%2Fv2%2Ftags&post=24802"}],"curies":[{"name":"wp","href":"https:\/\/api.w.org\/{rel}","templated":true}]}}