{"id":24806,"date":"2022-03-17T11:32:51","date_gmt":"2022-03-17T17:32:51","guid":{"rendered":"https:\/\/encuentroinformativo.com.mx\/?p=24806"},"modified":"2022-03-17T11:32:54","modified_gmt":"2022-03-17T17:32:54","slug":"nombran-nuevo-comandante-de-bomberos-coatepec","status":"publish","type":"post","link":"https:\/\/encuentroinformativo.com.mx\/?p=24806","title":{"rendered":"Nombran nuevo comandante de Bomberos Coatepec"},"content":{"rendered":"\n<p><strong>Juan Arcos<\/strong><\/p>\n\n\n\n<p>Coatepec, Ver.- Enrique Barco Moreno asumi\u00f3 la comandancia del cuerpo de bomberos de Coatepec y la regi\u00f3n, tras la salida de Diego Solano Montano de la corporaci\u00f3n.<\/p>\n\n\n\n<p>As\u00ed lo inform\u00f3 el alcalde de Coatepec, Raymundo Andrade Rivera, quien a\u00f1adi\u00f3 que adem\u00e1s ser\u00edan recontratados diez elementos de dicha estaci\u00f3n.<\/p>\n\n\n\n<p>El Presidente Municipal neg\u00f3 que el nuevo comandante de bomberos sea su familiar, situaci\u00f3n que hab\u00eda circulado en redes sociales.<\/p>\n\n\n\n<p>\u201cEl compa\u00f1ero (nuevo comandante) tiene mucha experiencia, ya ha trabajado alrededor de 23 a\u00f1os en el cuerpo de bomberos, se llama Enrique Barco Moreno, tiene mucha experiencia\u201d, refiri\u00f3.<\/p>\n\n\n\n<p>En conferencia de prensa, realizada en Palacio Municipal, el edil asegur\u00f3 que los bomberos recibir\u00e1n su salario como personal de confianza, quienes firmar\u00e1n contrato cada tres meses.<\/p>\n\n\n\n<p>\u201cVamos a brindarles todo el apoyo para que este cuerpo de bomberos est\u00e9 a la altura de la ciudadan\u00eda de Coatepec, les vamos a brindar las herramientas, equipo tambi\u00e9n y nos comprometemos con un salario digno para los bomberos que se hayan quedado a seguir laborando para el bienestar de Coatepec\u201d, expres\u00f3.<\/p>\n\n\n\n<p>El Presidente Municipal asegur\u00f3 que los bomberos ya est\u00e1n organizados en turnos de 24 horas para atender los reportes ciudadanos por emergencias.<\/p>\n\n\n\n<p>Agreg\u00f3 que se dialogar\u00e1 con los alcaldes de la regi\u00f3n, como de Xico, Teocelo, Cosautl\u00e1n, Ixhuac\u00e1n, Emiliano Zapata y San Andr\u00e9s Tlalnelhuayocan, para que tambi\u00e9n apoyen al cuerpo de bomberos, mismo que ha atendido emergencias tambi\u00e9n en esas zonas.<\/p>\n\n\n\n<p>Andrade Rivera adelant\u00f3 que ser\u00e1 instalado un centro de atenci\u00f3n de emergencias en el terreno donde se encontraba la base de la Guardia Nacional, donde se concentrar\u00e1 la Polic\u00eda Municipal, Protecci\u00f3n Civil y muy cerca el cuerpo de bomberos.<\/p>\n","protected":false},"excerpt":{"rendered":"<p>Juan Arcos Coatepec, Ver.- Enrique Barco Moreno asumi\u00f3 la comandancia del cuerpo de bomberos de Coatepec y la regi\u00f3n, tras la salida de Diego Solano Montano de la corporaci\u00f3n. As\u00ed lo inform\u00f3 el alcalde de Coatepec, Raymundo Andrade Rivera, quien a\u00f1adi\u00f3 que adem\u00e1s ser\u00edan recontratados diez elementos de dicha estaci\u00f3n. El Presidente Municipal neg\u00f3 que [&hellip;]<\/p>\n","protected":false},"author":1,"featured_media":24807,"comment_status":"open","ping_status":"open","sticky":false,"template":"","format":"standard","meta":{"_jetpack_memberships_contains_paid_content":false,"footnotes":""},"categories":[8],"tags":[],"class_list":["post-24806","post","type-post","status-publish","format-standard","has-post-thumbnail","hentry","category-region"],"jetpack_featured_media_url":"https:\/\/encuentroinformativo.com.mx\/wp-content\/uploads\/2022\/03\/979AAC21-534F-4045-9982-00C3101BAA7E.jpeg","jetpack_sharing_enabled":true,"jetpack_likes_enabled":true,"amp_enabled":true,"_links":{"self":[{"href":"https:\/\/encuentroinformativo.com.mx\/index.php?rest_route=\/wp\/v2\/posts\/24806","targetHints":{"allow":["GET"]}}],"collection":[{"href":"https:\/\/encuentroinformativo.com.mx\/index.php?rest_route=\/wp\/v2\/posts"}],"about":[{"href":"https:\/\/encuentroinformativo.com.mx\/index.php?rest_route=\/wp\/v2\/types\/post"}],"author":[{"embeddable":true,"href":"https:\/\/encuentroinformativo.com.mx\/index.php?rest_route=\/wp\/v2\/users\/1"}],"replies":[{"embeddable":true,"href":"https:\/\/encuentroinformativo.com.mx\/index.php?rest_route=%2Fwp%2Fv2%2Fcomments&post=24806"}],"version-history":[{"count":1,"href":"https:\/\/encuentroinformativo.com.mx\/index.php?rest_route=\/wp\/v2\/posts\/24806\/revisions"}],"predecessor-version":[{"id":24808,"href":"https:\/\/encuentroinformativo.com.mx\/index.php?rest_route=\/wp\/v2\/posts\/24806\/revisions\/24808"}],"wp:featuredmedia":[{"embeddable":true,"href":"https:\/\/encuentroinformativo.com.mx\/index.php?rest_route=\/wp\/v2\/media\/24807"}],"wp:attachment":[{"href":"https:\/\/encuentroinformativo.com.mx\/index.php?rest_route=%2Fwp%2Fv2%2Fmedia&parent=24806"}],"wp:term":[{"taxonomy":"category","embeddable":true,"href":"https:\/\/encuentroinformativo.com.mx\/index.php?rest_route=%2Fwp%2Fv2%2Fcategories&post=24806"},{"taxonomy":"post_tag","embeddable":true,"href":"https:\/\/encuentroinformativo.com.mx\/index.php?rest_route=%2Fwp%2Fv2%2Ftags&post=24806"}],"curies":[{"name":"wp","href":"https:\/\/api.w.org\/{rel}","templated":true}]}}