{"id":24815,"date":"2022-03-17T12:57:17","date_gmt":"2022-03-17T18:57:17","guid":{"rendered":"https:\/\/encuentroinformativo.com.mx\/?p=24815"},"modified":"2022-03-17T12:57:21","modified_gmt":"2022-03-17T18:57:21","slug":"ex-trabajadores-piden-reinstalacion-en-ayuntamiento-de-juchique","status":"publish","type":"post","link":"https:\/\/encuentroinformativo.com.mx\/?p=24815","title":{"rendered":"Ex trabajadores piden reinstalaci\u00f3n en Ayuntamiento de Juchique"},"content":{"rendered":"\n<p><strong>Juan Arcos<\/strong><\/p>\n\n\n\n<p>Xalapa, Ver.- Extrabajadores del ayuntamiento de Juchique de Ferrer protestaron frente a Palacio de Gobierno para exigir su reinstalaci\u00f3n y el pago de salarios que quedaron pendientes.<\/p>\n\n\n\n<p>Los exempleados administrativos dijeron haber sido despedidos injustificadamente el pasado 18 de febrero, tras el cambio de administraci\u00f3n municipal y la llegada del alcalde Cruz Cuevas Hern\u00e1ndez.<\/p>\n\n\n\n<p>Se trata de diez exempleados de base, sindicalizados, con hasta 33 a\u00f1os de antig\u00fcedad, quienes fueron dados de baja.<\/p>\n\n\n\n<p>De acuerdo con Vanesa Gonz\u00e1lez Aguirre, una de los inconformes, se les solicit\u00f3 su renuncia sin ning\u00fan argumento, pese a estar basificadas.<\/p>\n\n\n\n<p>\u201cNos despidieron desde el 18 de febrero, no nos han liquidado, tampoco las quincenas que trabajamos solo nos dijieron que causamos baja, no hubo m\u00e1s&#8221;, expres\u00f3.<\/p>\n\n\n\n<p>Las afectadas est\u00e1n adheridas al Sindicato \u00danico de Trabajadores al Servicio del Municipio de Juchique de Ferrer (SUTSEMJ).<\/p>\n\n\n\n<p>\u201cExigimos la reinstalaci\u00f3n y el pago de nuestro salario devengado. Los derechos laborales son derechos humanos\u201d, expresaron.<\/p>\n\n\n\n<p>Las quejosas presentaron la demanda laboral en la Junta de Conciliaci\u00f3n y\u00a0Arbitraje, el pasado 4 de marzo.<\/p>\n","protected":false},"excerpt":{"rendered":"<p>Juan Arcos Xalapa, Ver.- Extrabajadores del ayuntamiento de Juchique de Ferrer protestaron frente a Palacio de Gobierno para exigir su reinstalaci\u00f3n y el pago de salarios que quedaron pendientes. Los exempleados administrativos dijeron haber sido despedidos injustificadamente el pasado 18 de febrero, tras el cambio de administraci\u00f3n municipal y la llegada del alcalde Cruz Cuevas [&hellip;]<\/p>\n","protected":false},"author":1,"featured_media":24816,"comment_status":"open","ping_status":"open","sticky":false,"template":"","format":"standard","meta":{"_jetpack_memberships_contains_paid_content":false,"footnotes":""},"categories":[8],"tags":[],"class_list":["post-24815","post","type-post","status-publish","format-standard","has-post-thumbnail","hentry","category-region"],"jetpack_featured_media_url":"https:\/\/encuentroinformativo.com.mx\/wp-content\/uploads\/2022\/03\/26DAEF0F-1BF5-47E3-AE7C-AF2B53148430.jpeg","jetpack_sharing_enabled":true,"jetpack_likes_enabled":true,"amp_enabled":true,"_links":{"self":[{"href":"https:\/\/encuentroinformativo.com.mx\/index.php?rest_route=\/wp\/v2\/posts\/24815","targetHints":{"allow":["GET"]}}],"collection":[{"href":"https:\/\/encuentroinformativo.com.mx\/index.php?rest_route=\/wp\/v2\/posts"}],"about":[{"href":"https:\/\/encuentroinformativo.com.mx\/index.php?rest_route=\/wp\/v2\/types\/post"}],"author":[{"embeddable":true,"href":"https:\/\/encuentroinformativo.com.mx\/index.php?rest_route=\/wp\/v2\/users\/1"}],"replies":[{"embeddable":true,"href":"https:\/\/encuentroinformativo.com.mx\/index.php?rest_route=%2Fwp%2Fv2%2Fcomments&post=24815"}],"version-history":[{"count":1,"href":"https:\/\/encuentroinformativo.com.mx\/index.php?rest_route=\/wp\/v2\/posts\/24815\/revisions"}],"predecessor-version":[{"id":24817,"href":"https:\/\/encuentroinformativo.com.mx\/index.php?rest_route=\/wp\/v2\/posts\/24815\/revisions\/24817"}],"wp:featuredmedia":[{"embeddable":true,"href":"https:\/\/encuentroinformativo.com.mx\/index.php?rest_route=\/wp\/v2\/media\/24816"}],"wp:attachment":[{"href":"https:\/\/encuentroinformativo.com.mx\/index.php?rest_route=%2Fwp%2Fv2%2Fmedia&parent=24815"}],"wp:term":[{"taxonomy":"category","embeddable":true,"href":"https:\/\/encuentroinformativo.com.mx\/index.php?rest_route=%2Fwp%2Fv2%2Fcategories&post=24815"},{"taxonomy":"post_tag","embeddable":true,"href":"https:\/\/encuentroinformativo.com.mx\/index.php?rest_route=%2Fwp%2Fv2%2Ftags&post=24815"}],"curies":[{"name":"wp","href":"https:\/\/api.w.org\/{rel}","templated":true}]}}