{"id":24818,"date":"2022-03-17T13:11:09","date_gmt":"2022-03-17T19:11:09","guid":{"rendered":"https:\/\/encuentroinformativo.com.mx\/?p=24818"},"modified":"2022-03-17T13:11:13","modified_gmt":"2022-03-17T19:11:13","slug":"sigue-abierta-la-convocatoria-para-participar-en-la-observacion-electoral-de-proceso-de-revocacion","status":"publish","type":"post","link":"https:\/\/encuentroinformativo.com.mx\/?p=24818","title":{"rendered":"Sigue abierta la convocatoria para participar en la observaci\u00f3n electoral de proceso de Revocaci\u00f3n"},"content":{"rendered":"\n<p>Xalapa, Ver.- Contin\u00faa\u00a0abierta la Convocatoria\u00a0para que la\u00a0ciudadan\u00eda\u00a0interesada\u00a0pueda\u00a0acreditarse\u00a0o,\u00a0en su caso,\u00a0ratificarse\u00a0como ObservadoraElectoral\u00a0en el Estado de Veracruz\u00a0y\u00a0seguir\u00a0de cerca\u00a0todas las\u00a0etapas y\u00a0actividades\u00a0relacionadas con el\u00a0proceso\u00a0de\u00a0Revocaci\u00f3n de Mandato\u00a0que\u00a0organiza el Instituto\u00a0Nacional Electoral.<\/p>\n\n\n\n<p>As\u00ed lo&nbsp;precis\u00f3 el&nbsp;presidente del Consejo Local del&nbsp;InstitutoNacional Electoral&nbsp;(INE)&nbsp;en&nbsp;Veracruz,&nbsp;Josu\u00e9&nbsp;CervantesMart\u00ednez,&nbsp;\u201cla&nbsp;convocatoria&nbsp;estar\u00e1&nbsp;abierta hasta&nbsp;el&nbsp;pr\u00f3ximo&nbsp;tres de abril y&nbsp;va&nbsp;dirigida&nbsp;a las ciudadanas y ciudadanos mexicanosque&nbsp;desean&nbsp;conocer y vigilar el desarrollo de este&nbsp;in\u00e9ditoejercicio&nbsp;de participaci\u00f3n ciudadana,&nbsp;tambi\u00e9n&nbsp;la invitaci\u00f3n se extiende&nbsp;a&nbsp;las personas mexicanas residentes en el extranjero y a las organizaciones sociales que trabajan en pro&nbsp;de los&nbsp;derechos de las personas mexicanas migrantes\u201d.&nbsp;<\/p>\n\n\n\n<p>El Consejo Local&nbsp;y los&nbsp;veinte&nbsp;consejos distritales en Veracruz,&nbsp;indic\u00f3 Cervantes Mart\u00ednez,&nbsp;estar\u00e1n recibiendo&nbsp;todas&nbsp;las solicitudes de acreditaci\u00f3n o,&nbsp;en su&nbsp;caso,&nbsp;ratificaci\u00f3n&nbsp;de&nbsp;manera presencial o en l\u00ednea a trav\u00e9s del portal p\u00fablico&nbsp;del INE&nbsp;(rm2022-observadores.ine.mx)&nbsp;hasta el&nbsp;pr\u00f3ximo&nbsp;3 de abril.<\/p>\n\n\n\n<p>Agreg\u00f3 que&nbsp;las y los interesados deben&nbsp;prestar atenci\u00f3n&nbsp;a&nbsp;losrequisitos&nbsp;se\u00f1alados en la&nbsp;ley&nbsp;como&nbsp;el&nbsp;ser&nbsp;ciudadano o ciudadana mexicana en pleno goce&nbsp;de sus derechos civiles y pol\u00edticos;&nbsp;no ser, ni haber sido miembro de dirigencias nacionales, estatales o municipales de organizaci\u00f3n o de partido pol\u00edtico alguno en los tres a\u00f1os anteriores;&nbsp;no&nbsp;haber sido candidato&nbsp;o candidata a puesto de elecci\u00f3n popular en los tres a\u00f1os anteriores&nbsp;y&nbsp;no haber sido designado\/a para integrar las mesas directivas de casilla para la Revocaci\u00f3n de Mandato,&nbsp;entre otros.<\/p>\n\n\n\n<p>\u201cConcluida la revisi\u00f3n de las solicitudes,&nbsp;el INE les&nbsp;notificar\u00e1&nbsp;que&nbsp;deben&nbsp;realizar&nbsp;un&nbsp;curso de capacitaci\u00f3n,&nbsp;que puedentomar de forma&nbsp;presencial&nbsp;o a trav\u00e9s de&nbsp;sesiones de video conferencia.&nbsp;Los&nbsp;consejos locales y distritales del INE, aprobar\u00e1n las solicitudes y&nbsp;les&nbsp;entregar\u00e1n&nbsp;la&nbsp;acreditaci\u00f3n&nbsp;correspondiente\u201d,&nbsp;inform\u00f3.<\/p>\n\n\n\n<p>Para mayores informes&nbsp;se puede consultar la&nbsp;p\u00e1gina www.ine.mx,&nbsp;llamar a la&nbsp;Junta Local Ejecutiva en el Estado de Veracruz&nbsp;al&nbsp;tel\u00e9fono&nbsp;(228)&nbsp;8416490 ext. 300044&nbsp;o presentarse en cualquier oficina del INE en el&nbsp;Estado.<\/p>\n","protected":false},"excerpt":{"rendered":"<p>Xalapa, Ver.- Contin\u00faa\u00a0abierta la Convocatoria\u00a0para que la\u00a0ciudadan\u00eda\u00a0interesada\u00a0pueda\u00a0acreditarse\u00a0o,\u00a0en su caso,\u00a0ratificarse\u00a0como ObservadoraElectoral\u00a0en el Estado de Veracruz\u00a0y\u00a0seguir\u00a0de cerca\u00a0todas las\u00a0etapas y\u00a0actividades\u00a0relacionadas con el\u00a0proceso\u00a0de\u00a0Revocaci\u00f3n de Mandato\u00a0que\u00a0organiza el Instituto\u00a0Nacional Electoral. As\u00ed lo&nbsp;precis\u00f3 el&nbsp;presidente del Consejo Local del&nbsp;InstitutoNacional Electoral&nbsp;(INE)&nbsp;en&nbsp;Veracruz,&nbsp;Josu\u00e9&nbsp;CervantesMart\u00ednez,&nbsp;\u201cla&nbsp;convocatoria&nbsp;estar\u00e1&nbsp;abierta hasta&nbsp;el&nbsp;pr\u00f3ximo&nbsp;tres de abril y&nbsp;va&nbsp;dirigida&nbsp;a las ciudadanas y ciudadanos mexicanosque&nbsp;desean&nbsp;conocer y vigilar el desarrollo de este&nbsp;in\u00e9ditoejercicio&nbsp;de participaci\u00f3n ciudadana,&nbsp;tambi\u00e9n&nbsp;la invitaci\u00f3n se extiende&nbsp;a&nbsp;las personas mexicanas residentes [&hellip;]<\/p>\n","protected":false},"author":1,"featured_media":24819,"comment_status":"open","ping_status":"open","sticky":false,"template":"","format":"standard","meta":{"_jetpack_memberships_contains_paid_content":false,"footnotes":""},"categories":[2],"tags":[],"class_list":["post-24818","post","type-post","status-publish","format-standard","has-post-thumbnail","hentry","category-estado"],"jetpack_featured_media_url":"https:\/\/encuentroinformativo.com.mx\/wp-content\/uploads\/2022\/03\/78542637-8E55-42BC-A238-DAFFDC569DBB.jpeg","jetpack_sharing_enabled":true,"jetpack_likes_enabled":true,"amp_enabled":true,"_links":{"self":[{"href":"https:\/\/encuentroinformativo.com.mx\/index.php?rest_route=\/wp\/v2\/posts\/24818","targetHints":{"allow":["GET"]}}],"collection":[{"href":"https:\/\/encuentroinformativo.com.mx\/index.php?rest_route=\/wp\/v2\/posts"}],"about":[{"href":"https:\/\/encuentroinformativo.com.mx\/index.php?rest_route=\/wp\/v2\/types\/post"}],"author":[{"embeddable":true,"href":"https:\/\/encuentroinformativo.com.mx\/index.php?rest_route=\/wp\/v2\/users\/1"}],"replies":[{"embeddable":true,"href":"https:\/\/encuentroinformativo.com.mx\/index.php?rest_route=%2Fwp%2Fv2%2Fcomments&post=24818"}],"version-history":[{"count":1,"href":"https:\/\/encuentroinformativo.com.mx\/index.php?rest_route=\/wp\/v2\/posts\/24818\/revisions"}],"predecessor-version":[{"id":24820,"href":"https:\/\/encuentroinformativo.com.mx\/index.php?rest_route=\/wp\/v2\/posts\/24818\/revisions\/24820"}],"wp:featuredmedia":[{"embeddable":true,"href":"https:\/\/encuentroinformativo.com.mx\/index.php?rest_route=\/wp\/v2\/media\/24819"}],"wp:attachment":[{"href":"https:\/\/encuentroinformativo.com.mx\/index.php?rest_route=%2Fwp%2Fv2%2Fmedia&parent=24818"}],"wp:term":[{"taxonomy":"category","embeddable":true,"href":"https:\/\/encuentroinformativo.com.mx\/index.php?rest_route=%2Fwp%2Fv2%2Fcategories&post=24818"},{"taxonomy":"post_tag","embeddable":true,"href":"https:\/\/encuentroinformativo.com.mx\/index.php?rest_route=%2Fwp%2Fv2%2Ftags&post=24818"}],"curies":[{"name":"wp","href":"https:\/\/api.w.org\/{rel}","templated":true}]}}