{"id":24823,"date":"2022-03-17T14:36:32","date_gmt":"2022-03-17T20:36:32","guid":{"rendered":"https:\/\/encuentroinformativo.com.mx\/?p=24823"},"modified":"2022-03-17T14:36:36","modified_gmt":"2022-03-17T20:36:36","slug":"promovera-sedema-saneamiento-de-rios","status":"publish","type":"post","link":"https:\/\/encuentroinformativo.com.mx\/?p=24823","title":{"rendered":"Promover\u00e1 Sedema saneamiento de r\u00edos"},"content":{"rendered":"\n<p><strong>Dar\u00edo Pale<\/strong><\/p>\n\n\n\n<p>Xalapa, Ver.- La recuperaci\u00f3n de los r\u00edos contaminados puede llevar de 8 a 10 a\u00f1os, pero si se busca el apoyo y capacitaci\u00f3n de expertos, pueden lograr una mejora antes, as\u00ed lo se\u00f1al\u00f3 el secretario de Medio Ambiente, Juan Carlos Contreras Bautista.<\/p>\n\n\n\n<p>Inform\u00f3 que, est\u00e1n trabajando en otros proyectos para combatir la tala clandestina, a trav\u00e9s de mesas de trabajo, una de ellas es la mesa social y es que este fen\u00f3meno tiene detr\u00e1s diversos fen\u00f3menos de tipo social.<\/p>\n\n\n\n<p>Para ello, han trabajado con otras dependencias como la Sedarpa y el DIF Estatal para poder dar opciones a las personas que cometen este tipo de delito ambiental.<\/p>\n\n\n\n<p>Igualmente, enfatiz\u00f3 que en la problem\u00e1tica que se presenta en la laguna de El Farall\u00f3n, han buscado a investigadores del Inecol y de la Universidad Veracruzana y expertos en humedales para solucionarlo.<\/p>\n\n\n\n<p>En otro orden de ideas coment\u00f3 que, &#8220;desgraciadamente muchos proyectos en materia ambiental son a largo plazo, qu\u00e9 quiero decir, por ejemplo, la recuperaci\u00f3n de los r\u00edos, \u00e9sto nos va a llevar de 8 a 10 a\u00f1os en cuanto a vegetaci\u00f3n ribere\u00f1a y ver un resultado en la recuperaci\u00f3n de estos&#8221;.<\/p>\n\n\n\n<p>&#8220;Pero si lo hacemos de la manera m\u00e1s eficiente, con la capacitaci\u00f3n y orientaci\u00f3n de los expertos, yo creo que pudiera generar mejores resultados&#8221;, se\u00f1al\u00f3.<\/p>\n\n\n\n<p>Mencion\u00f3 que las descargas de aguas negras en los r\u00edos viene de hace 30 o 40 a\u00f1os, lo cual se ha probado a trav\u00e9s de informaci\u00f3n satelital, pero para ello ya se destinaron recursos y tratar de irlos saneando.<\/p>\n\n\n\n<p>Consider\u00f3 que si la dependencia se fortalece y se prepara con expertos de la Universidad Veracruzana, de los institutos tecnol\u00f3gicos, del Inecol, podr\u00e1n mejorar los proyectos que se van a ejecutar para no equivocarse.<\/p>\n\n\n\n<p>Finalmente expuso que el inter\u00e9s de la administraci\u00f3n es desarrollar los proyectos m\u00e1s indispensables y de manera m\u00e1s eficiente.<\/p>\n","protected":false},"excerpt":{"rendered":"<p>Dar\u00edo Pale Xalapa, Ver.- La recuperaci\u00f3n de los r\u00edos contaminados puede llevar de 8 a 10 a\u00f1os, pero si se busca el apoyo y capacitaci\u00f3n de expertos, pueden lograr una mejora antes, as\u00ed lo se\u00f1al\u00f3 el secretario de Medio Ambiente, Juan Carlos Contreras Bautista. Inform\u00f3 que, est\u00e1n trabajando en otros proyectos para combatir la tala [&hellip;]<\/p>\n","protected":false},"author":1,"featured_media":24824,"comment_status":"open","ping_status":"open","sticky":false,"template":"","format":"standard","meta":{"_jetpack_memberships_contains_paid_content":false,"footnotes":""},"categories":[2],"tags":[],"class_list":["post-24823","post","type-post","status-publish","format-standard","has-post-thumbnail","hentry","category-estado"],"jetpack_featured_media_url":"https:\/\/encuentroinformativo.com.mx\/wp-content\/uploads\/2022\/03\/D9C7A0A9-7E5A-4439-A168-40BA1667A432.jpeg","jetpack_sharing_enabled":true,"jetpack_likes_enabled":true,"amp_enabled":true,"_links":{"self":[{"href":"https:\/\/encuentroinformativo.com.mx\/index.php?rest_route=\/wp\/v2\/posts\/24823","targetHints":{"allow":["GET"]}}],"collection":[{"href":"https:\/\/encuentroinformativo.com.mx\/index.php?rest_route=\/wp\/v2\/posts"}],"about":[{"href":"https:\/\/encuentroinformativo.com.mx\/index.php?rest_route=\/wp\/v2\/types\/post"}],"author":[{"embeddable":true,"href":"https:\/\/encuentroinformativo.com.mx\/index.php?rest_route=\/wp\/v2\/users\/1"}],"replies":[{"embeddable":true,"href":"https:\/\/encuentroinformativo.com.mx\/index.php?rest_route=%2Fwp%2Fv2%2Fcomments&post=24823"}],"version-history":[{"count":1,"href":"https:\/\/encuentroinformativo.com.mx\/index.php?rest_route=\/wp\/v2\/posts\/24823\/revisions"}],"predecessor-version":[{"id":24825,"href":"https:\/\/encuentroinformativo.com.mx\/index.php?rest_route=\/wp\/v2\/posts\/24823\/revisions\/24825"}],"wp:featuredmedia":[{"embeddable":true,"href":"https:\/\/encuentroinformativo.com.mx\/index.php?rest_route=\/wp\/v2\/media\/24824"}],"wp:attachment":[{"href":"https:\/\/encuentroinformativo.com.mx\/index.php?rest_route=%2Fwp%2Fv2%2Fmedia&parent=24823"}],"wp:term":[{"taxonomy":"category","embeddable":true,"href":"https:\/\/encuentroinformativo.com.mx\/index.php?rest_route=%2Fwp%2Fv2%2Fcategories&post=24823"},{"taxonomy":"post_tag","embeddable":true,"href":"https:\/\/encuentroinformativo.com.mx\/index.php?rest_route=%2Fwp%2Fv2%2Ftags&post=24823"}],"curies":[{"name":"wp","href":"https:\/\/api.w.org\/{rel}","templated":true}]}}