{"id":24829,"date":"2022-03-17T17:10:31","date_gmt":"2022-03-17T23:10:31","guid":{"rendered":"https:\/\/encuentroinformativo.com.mx\/?p=24829"},"modified":"2022-03-17T17:10:35","modified_gmt":"2022-03-17T23:10:35","slug":"sera-regional-centro-de-residuos-solidos-en-coatepec","status":"publish","type":"post","link":"https:\/\/encuentroinformativo.com.mx\/?p=24829","title":{"rendered":"Ser\u00e1 regional centro de residuos s\u00f3lidos en Coatepec"},"content":{"rendered":"\n<p><strong>Juan Arcos<\/strong><\/p>\n\n\n\n<p>Xalapa, Ver.- El alcalde de Coatepec, Raymundo Andrade Rivera, revel\u00f3 que en pr\u00f3ximos d\u00edas ser\u00e1 inaugurado el centro de transferencia de residuos s\u00f3lidos urbanos, considerado un prototipo a nivel estatal.<\/p>\n\n\n\n<p>En rueda de prensa, el edil indic\u00f3 que el sitio, ubicado en la congregaci\u00f3n Las Lomas, recibir\u00e1 los desechos de los municipios de la regi\u00f3n, garantizando un buen manejo para evitar contaminaci\u00f3n y da\u00f1os ambientales.<\/p>\n\n\n\n<p>Cabe recordar que los pobladores de Las Lomas han denunciado que se hab\u00eda recrudecido el problema de contaminaci\u00f3n por el manejo indebido de dicho centro de transferencia.<\/p>\n\n\n\n<p>El Presidente Municipal de Coatepec insisti\u00f3 en que el centro de transferencia operar\u00eda con todas las condiciones ecol\u00f3gicas.<\/p>\n\n\n\n<p>\u201cEstar\u00e1 abierto (a otros municipios) porque esto abarata los costos. Si llega alg\u00fan municipio hermano aqu\u00ed a la zona a tirar sus residuos s\u00f3lidos, pues bienvenidos, en el sentido de que vamos a evitar da\u00f1os ecol\u00f3gicos en la zona, porque va a estar preparado para recibir estos residuos s\u00f3lidos\u201d.\u00a0<br>Andrade Rivera asegur\u00f3 que el centro de transferencia tiene la capacidad para recibir los residuos s\u00f3lidos urbanos de otras ciudades.<\/p>\n\n\n\n<p>\u201cNo se trata de atiborrar los residuos s\u00f3lidos ah\u00ed, as\u00ed como estar\u00e1n llegando deber\u00e1n estar saliendo, lo que menos queremos es tener ah\u00ed los residuos s\u00f3lidos por mucho tiempo, sino que en la inmediatez sean transferidos a su destino final\u201d, a\u00f1adi\u00f3.<\/p>\n\n\n\n<p>La operaci\u00f3n del centro de transferencia ser\u00e1 supervisada por la Secretar\u00eda de Medio Ambiente (Sedema) y la Procuradur\u00eda de Medio Ambiente (PMA).<\/p>\n\n\n\n<p>El Alcalde de Coatepec indic\u00f3 que se ha \u201cbatallado\u201d en la reparaci\u00f3n mec\u00e1nica de las unidades recolectoras y por ello el servicio no se ha restablecido al 100 por ciento.<\/p>\n\n\n\n<p>\u201cEsperamos que este fin de semana por fin ya tengamos los veh\u00edculos que estamos esperando. No es negligencia ni falta de inter\u00e9s de nosotros. Esperemos que el d\u00eda de hoy o ma\u00f1ana nos llegue la primera unidad y vamos a tener tres, yo creo que el d\u00eda lunes ya tengamos las unidades, que ser\u00edan tres en total\u201d, remat\u00f3.<\/p>\n","protected":false},"excerpt":{"rendered":"<p>Juan Arcos Xalapa, Ver.- El alcalde de Coatepec, Raymundo Andrade Rivera, revel\u00f3 que en pr\u00f3ximos d\u00edas ser\u00e1 inaugurado el centro de transferencia de residuos s\u00f3lidos urbanos, considerado un prototipo a nivel estatal. En rueda de prensa, el edil indic\u00f3 que el sitio, ubicado en la congregaci\u00f3n Las Lomas, recibir\u00e1 los desechos de los municipios de [&hellip;]<\/p>\n","protected":false},"author":1,"featured_media":24830,"comment_status":"open","ping_status":"open","sticky":false,"template":"","format":"standard","meta":{"_jetpack_memberships_contains_paid_content":false,"footnotes":""},"categories":[8],"tags":[],"class_list":["post-24829","post","type-post","status-publish","format-standard","has-post-thumbnail","hentry","category-region"],"jetpack_featured_media_url":"https:\/\/encuentroinformativo.com.mx\/wp-content\/uploads\/2022\/03\/8D749857-5A4A-4FA5-A26A-5E70B9074DB9.jpeg","jetpack_sharing_enabled":true,"jetpack_likes_enabled":true,"amp_enabled":true,"_links":{"self":[{"href":"https:\/\/encuentroinformativo.com.mx\/index.php?rest_route=\/wp\/v2\/posts\/24829","targetHints":{"allow":["GET"]}}],"collection":[{"href":"https:\/\/encuentroinformativo.com.mx\/index.php?rest_route=\/wp\/v2\/posts"}],"about":[{"href":"https:\/\/encuentroinformativo.com.mx\/index.php?rest_route=\/wp\/v2\/types\/post"}],"author":[{"embeddable":true,"href":"https:\/\/encuentroinformativo.com.mx\/index.php?rest_route=\/wp\/v2\/users\/1"}],"replies":[{"embeddable":true,"href":"https:\/\/encuentroinformativo.com.mx\/index.php?rest_route=%2Fwp%2Fv2%2Fcomments&post=24829"}],"version-history":[{"count":1,"href":"https:\/\/encuentroinformativo.com.mx\/index.php?rest_route=\/wp\/v2\/posts\/24829\/revisions"}],"predecessor-version":[{"id":24831,"href":"https:\/\/encuentroinformativo.com.mx\/index.php?rest_route=\/wp\/v2\/posts\/24829\/revisions\/24831"}],"wp:featuredmedia":[{"embeddable":true,"href":"https:\/\/encuentroinformativo.com.mx\/index.php?rest_route=\/wp\/v2\/media\/24830"}],"wp:attachment":[{"href":"https:\/\/encuentroinformativo.com.mx\/index.php?rest_route=%2Fwp%2Fv2%2Fmedia&parent=24829"}],"wp:term":[{"taxonomy":"category","embeddable":true,"href":"https:\/\/encuentroinformativo.com.mx\/index.php?rest_route=%2Fwp%2Fv2%2Fcategories&post=24829"},{"taxonomy":"post_tag","embeddable":true,"href":"https:\/\/encuentroinformativo.com.mx\/index.php?rest_route=%2Fwp%2Fv2%2Ftags&post=24829"}],"curies":[{"name":"wp","href":"https:\/\/api.w.org\/{rel}","templated":true}]}}