{"id":24836,"date":"2022-03-18T10:00:52","date_gmt":"2022-03-18T16:00:52","guid":{"rendered":"https:\/\/encuentroinformativo.com.mx\/?p=24836"},"modified":"2022-03-18T10:00:54","modified_gmt":"2022-03-18T16:00:54","slug":"el-acoso-callejero-de-anilu","status":"publish","type":"post","link":"https:\/\/encuentroinformativo.com.mx\/?p=24836","title":{"rendered":"El acoso callejero de Anil\u00fa"},"content":{"rendered":"\n<p><strong>Los Pol\u00edticos<\/strong><\/p>\n\n\n\n<p><strong>Salvador Mu\u00f1oz<\/strong><\/p>\n\n\n\n<p>Hace unos d\u00edas, en video-comentario, hac\u00eda alusi\u00f3n a la iniciativa presentada por la diputada Anil\u00fa Ingram Vallines para castigar el Acoso Callejero. Externaba mi benepl\u00e1cito por ello, aunque no dejaba de lamentar que el Acoso Laboral y Sexual en dependencias de Gobierno del Estado era latente por voz de mujeres que all\u00ed laboran.<\/p>\n\n\n\n<p>Entre las quejas que recib\u00ed est\u00e1 la siguiente: si una mujer se queja por \u201cno aceptar\u201d el acoso laboral y\/o sexual, es considerada \u201cConflictiva\u201d.<\/p>\n\n\n\n<p>La soluci\u00f3n a este \u201cproblema\u201d muchas de las veces lo resuelven por tres v\u00edas:<\/p>\n\n\n\n<p>1.- Mandando a la \u201cconflictiva\u201d al Archivo del Estado.<\/p>\n\n\n\n<p>2.- Mandando a la \u201cconflictiva\u201d a oficinas de Gobierno ubicadas en Arco Sur, de Xalapa\u2026<\/p>\n\n\n\n<p>3.- Mandando a la \u201cconflictiva\u201d hasta la Editora de Gobierno\u2026<\/p>\n\n\n\n<p>Ahora s\u00ed, dependiendo de lo \u201cConflictiva\u201d, se le da distancia al \u201cProblema\u201d.<\/p>\n\n\n\n<p>Igual un funcionario me confesaba que cuando el Jefe anunciaba su visita a una de las tantas oficinas de la Delegaci\u00f3n que \u00e9l representa, ese d\u00eda se agendaba que la empleada o empleadas m\u00e1s bonitas de la oficina de plano no se presentaran, que se tomaran el d\u00eda\u2026 \u00bfa qui\u00e9n le hacen el favor? \u00bfal jefe o a la empleada o a ellos mismos? El asunto es que \u201cno le echara el ojo\u201d a la dama.<\/p>\n\n\n\n<p>Historias como \u00e9stas no est\u00e1n sujetas a siglas, a partidos, a colores\u2026 no\u2026 est\u00e1n sujetas a personas que se enferman de poder y las combinan con sus frustraciones personales\u2026<\/p>\n\n\n\n<p>El asunto es que tras estos comentarios, hubo uno que me llam\u00f3 la atenci\u00f3n y que va de Radio Televisi\u00f3n de Veracruz a la Fiscal\u00eda General del Estado\u2026 \u00bfen qu\u00e9 sentido? En dos:<\/p>\n\n\n\n<p>1.- Que no siempre se aleja a la v\u00edctima, sino al victiMario\u2026<\/p>\n\n\n\n<p>2.- En la siguiente pregunta que lanzaron: \u201c\u00bfC\u00f3mo se puede hablar de Justicia cuando en la misma Fiscal\u00eda, uno de los empleados de Ver\u00f3nica Hern\u00e1ndez est\u00e1 acusado entre otras cosas, por acoso?\u201d<\/p>\n\n\n\n<p>Insisto: el acoso no est\u00e1 sujeto a siglas, colores o partidos\u2026 est\u00e1 concentrado en cada individuo, en su actitud en el poder y en su psique\u2026<\/p>\n\n\n\n<p>Bienvenida la iniciativa de Anil\u00fa Ingram contra el Acoso Callejero\u2026 ojal\u00e1 que el Laboral y Sexual que en esas oficinas atosiga en su mayor\u00eda a las mujeres, las unidades de g\u00e9nero, los jefes, los contralores, las autoridades se lo tomen m\u00e1s en serio y se deje de ver a la v\u00edctima como un \u201cProblema\u201d, como una \u201cConflictiva\u201d a la que hay que alejar de su lugar de trabajo o darle el d\u00eda, mientras el lobo anda ah\u00ed.<\/p>\n\n\n\n<p><a>smcainito@gmail.com<\/a><\/p>\n","protected":false},"excerpt":{"rendered":"<p>Los Pol\u00edticos Salvador Mu\u00f1oz Hace unos d\u00edas, en video-comentario, hac\u00eda alusi\u00f3n a la iniciativa presentada por la diputada Anil\u00fa Ingram Vallines para castigar el Acoso Callejero. Externaba mi benepl\u00e1cito por ello, aunque no dejaba de lamentar que el Acoso Laboral y Sexual en dependencias de Gobierno del Estado era latente por voz de mujeres que [&hellip;]<\/p>\n","protected":false},"author":1,"featured_media":387,"comment_status":"open","ping_status":"open","sticky":false,"template":"","format":"standard","meta":{"_jetpack_memberships_contains_paid_content":false,"footnotes":""},"categories":[11],"tags":[],"class_list":["post-24836","post","type-post","status-publish","format-standard","has-post-thumbnail","hentry","category-opinion"],"jetpack_featured_media_url":"https:\/\/encuentroinformativo.com.mx\/wp-content\/uploads\/2020\/03\/7CF8A22B-2764-47BE-8F7F-38FE9E5D6A2F.jpeg","jetpack_sharing_enabled":true,"jetpack_likes_enabled":true,"amp_enabled":true,"_links":{"self":[{"href":"https:\/\/encuentroinformativo.com.mx\/index.php?rest_route=\/wp\/v2\/posts\/24836","targetHints":{"allow":["GET"]}}],"collection":[{"href":"https:\/\/encuentroinformativo.com.mx\/index.php?rest_route=\/wp\/v2\/posts"}],"about":[{"href":"https:\/\/encuentroinformativo.com.mx\/index.php?rest_route=\/wp\/v2\/types\/post"}],"author":[{"embeddable":true,"href":"https:\/\/encuentroinformativo.com.mx\/index.php?rest_route=\/wp\/v2\/users\/1"}],"replies":[{"embeddable":true,"href":"https:\/\/encuentroinformativo.com.mx\/index.php?rest_route=%2Fwp%2Fv2%2Fcomments&post=24836"}],"version-history":[{"count":1,"href":"https:\/\/encuentroinformativo.com.mx\/index.php?rest_route=\/wp\/v2\/posts\/24836\/revisions"}],"predecessor-version":[{"id":24837,"href":"https:\/\/encuentroinformativo.com.mx\/index.php?rest_route=\/wp\/v2\/posts\/24836\/revisions\/24837"}],"wp:featuredmedia":[{"embeddable":true,"href":"https:\/\/encuentroinformativo.com.mx\/index.php?rest_route=\/wp\/v2\/media\/387"}],"wp:attachment":[{"href":"https:\/\/encuentroinformativo.com.mx\/index.php?rest_route=%2Fwp%2Fv2%2Fmedia&parent=24836"}],"wp:term":[{"taxonomy":"category","embeddable":true,"href":"https:\/\/encuentroinformativo.com.mx\/index.php?rest_route=%2Fwp%2Fv2%2Fcategories&post=24836"},{"taxonomy":"post_tag","embeddable":true,"href":"https:\/\/encuentroinformativo.com.mx\/index.php?rest_route=%2Fwp%2Fv2%2Ftags&post=24836"}],"curies":[{"name":"wp","href":"https:\/\/api.w.org\/{rel}","templated":true}]}}