{"id":24841,"date":"2022-03-18T11:36:43","date_gmt":"2022-03-18T17:36:43","guid":{"rendered":"https:\/\/encuentroinformativo.com.mx\/?p=24841"},"modified":"2022-03-18T11:36:49","modified_gmt":"2022-03-18T17:36:49","slug":"celebra-gobernador-decreto-para-promocionar-consulta","status":"publish","type":"post","link":"https:\/\/encuentroinformativo.com.mx\/?p=24841","title":{"rendered":"Celebra Gobernador decreto para promocionar consulta"},"content":{"rendered":"\n<p><strong>Dar\u00edo Pale<\/strong><\/p>\n\n\n\n<p>Xalapa, Ver.- El gobernador de Veracruz Cuitlahuac Garc\u00eda Jim\u00e9nez felicit\u00f3 a los legisladores federales luego de que se aprobara que a partir de este viernes 18 de marzo el Presidente y todos los servidores p\u00fablicos podr\u00e1n promocionar el ejercicio de revocaci\u00f3n de mandato programado para realizarse el 10 de abril sin ninguna restricci\u00f3n, salvo la de no usar recursos p\u00fablicos.<\/p>\n\n\n\n<p>Durante la conferencia ma\u00f1anera realizada en Minatitl\u00e1n, &#8220;reitero lo que ayer difund\u00ed por redes: mi felicitaci\u00f3n al Congreso de la Uni\u00f3n por garantizar libertades e impedir que el INE utilice el pretexto de la veda pasa callar las voces que est\u00e1n apoyando al presidente de la Rep\u00fablica en cualquier circunstancia&#8221;.<\/p>\n\n\n\n<p>Dio a conocer que el pueblo tiene derecho a informarse sobre el ejercicio democr\u00e1tico que se llevar\u00e1 a cabo el 10 de abril sin cortapisas.<\/p>\n\n\n\n<p>Por \u00faltimo coment\u00f3 que &#8220;ahora resulta que la instituci\u00f3n que deb\u00eda promover la participaci\u00f3n ciudadana es la que m\u00e1s la limita, por eso fue muy bueno que el Congreso de la Uni\u00f3n tomara este asunto en sus manos y lo resolviera de la manera en que se ha publicado en el Diario Oficial de la Federaci\u00f3n&#8221;.<\/p>\n","protected":false},"excerpt":{"rendered":"<p>Dar\u00edo Pale Xalapa, Ver.- El gobernador de Veracruz Cuitlahuac Garc\u00eda Jim\u00e9nez felicit\u00f3 a los legisladores federales luego de que se aprobara que a partir de este viernes 18 de marzo el Presidente y todos los servidores p\u00fablicos podr\u00e1n promocionar el ejercicio de revocaci\u00f3n de mandato programado para realizarse el 10 de abril sin ninguna restricci\u00f3n, [&hellip;]<\/p>\n","protected":false},"author":1,"featured_media":24842,"comment_status":"open","ping_status":"open","sticky":false,"template":"","format":"standard","meta":{"_jetpack_memberships_contains_paid_content":false,"footnotes":""},"categories":[2],"tags":[],"class_list":["post-24841","post","type-post","status-publish","format-standard","has-post-thumbnail","hentry","category-estado"],"jetpack_featured_media_url":"https:\/\/encuentroinformativo.com.mx\/wp-content\/uploads\/2022\/03\/08F76BE9-BA11-40E6-96BF-062D14D332F5.jpeg","jetpack_sharing_enabled":true,"jetpack_likes_enabled":true,"amp_enabled":true,"_links":{"self":[{"href":"https:\/\/encuentroinformativo.com.mx\/index.php?rest_route=\/wp\/v2\/posts\/24841","targetHints":{"allow":["GET"]}}],"collection":[{"href":"https:\/\/encuentroinformativo.com.mx\/index.php?rest_route=\/wp\/v2\/posts"}],"about":[{"href":"https:\/\/encuentroinformativo.com.mx\/index.php?rest_route=\/wp\/v2\/types\/post"}],"author":[{"embeddable":true,"href":"https:\/\/encuentroinformativo.com.mx\/index.php?rest_route=\/wp\/v2\/users\/1"}],"replies":[{"embeddable":true,"href":"https:\/\/encuentroinformativo.com.mx\/index.php?rest_route=%2Fwp%2Fv2%2Fcomments&post=24841"}],"version-history":[{"count":1,"href":"https:\/\/encuentroinformativo.com.mx\/index.php?rest_route=\/wp\/v2\/posts\/24841\/revisions"}],"predecessor-version":[{"id":24843,"href":"https:\/\/encuentroinformativo.com.mx\/index.php?rest_route=\/wp\/v2\/posts\/24841\/revisions\/24843"}],"wp:featuredmedia":[{"embeddable":true,"href":"https:\/\/encuentroinformativo.com.mx\/index.php?rest_route=\/wp\/v2\/media\/24842"}],"wp:attachment":[{"href":"https:\/\/encuentroinformativo.com.mx\/index.php?rest_route=%2Fwp%2Fv2%2Fmedia&parent=24841"}],"wp:term":[{"taxonomy":"category","embeddable":true,"href":"https:\/\/encuentroinformativo.com.mx\/index.php?rest_route=%2Fwp%2Fv2%2Fcategories&post=24841"},{"taxonomy":"post_tag","embeddable":true,"href":"https:\/\/encuentroinformativo.com.mx\/index.php?rest_route=%2Fwp%2Fv2%2Ftags&post=24841"}],"curies":[{"name":"wp","href":"https:\/\/api.w.org\/{rel}","templated":true}]}}