{"id":2485,"date":"2020-05-12T14:46:54","date_gmt":"2020-05-12T19:46:54","guid":{"rendered":"https:\/\/encuentroinformativo.com\/?p=2485"},"modified":"2020-05-12T14:46:56","modified_gmt":"2020-05-12T19:46:56","slug":"sequias-afectaron-cultivos-de-platano-en-san-rafael","status":"publish","type":"post","link":"https:\/\/encuentroinformativo.com.mx\/?p=2485","title":{"rendered":"Sequ\u00edas afectaron cultivos de pl\u00e1tano en San Rafael"},"content":{"rendered":"\n<p><strong>Juan Arcos <\/strong><\/p>\n\n\n\n<p>Xalapa, Ver.- Productores de pl\u00e1tano del municipio de San Rafael sufrieron afectaciones por la sequ\u00eda del a\u00f1o pasado.<\/p>\n\n\n\n<p>De acuerdo con Julio M\u00e1rquez, productor de dicho lugar, los efectos de a sequ\u00eda se prolongaron hasta este a\u00f1o, los precios de la fruta son bajos.<\/p>\n\n\n\n<p>El kilogramo de pl\u00e1tano macho cuesta 7 pesos con 50 centavos y, el de pl\u00e1tano roat\u00e1n, entre cuatro y cinco pesos.<\/p>\n\n\n\n<p>\u201cLa tonelada de pl\u00e1tano macho est\u00e1 aproximadamente en 7 mil 500 pesos y la tonelada de pl\u00e1tano roat\u00e1n aproximadamente est\u00e1 en cuatro o cinco mil pesos\u201d.<\/p>\n\n\n\n<p>Este a\u00f1o los productores registraron p\u00e9rdidas en su cosecha y en su bolsillo por la \u201cseca\u201d.<\/p>\n\n\n\n<p>\u201cEste a\u00f1o ya est\u00e1 empezando a llover y esperemos que eso beneficie la producci\u00f3n en el campo\u201d.<\/p>\n\n\n\n<p>Cabe recordar que las zonas de mayor producci\u00f3n de pl\u00e1tano en Veracruz son San Rafael y Vega de Alatorre; sin embargo, el pl\u00e1tano es distribuido en Xalapa, Coatepec, Banderilla y otras localidades.<\/p>\n\n\n\n<p>Los productores de pl\u00e1tano esperan que la Secretar\u00eda de Desarrollo Agropecuario Rural y Pesca (Sedarpa) los apoye, como hicieron con los productores de mango de Actopan, para as\u00ed vender las cosechas de este a\u00f1o a un buen precio, sin intermediarios.<\/p>\n\n\n\n<p><\/p>\n","protected":false},"excerpt":{"rendered":"<p>Juan Arcos Xalapa, Ver.- Productores de pl\u00e1tano del municipio de San Rafael sufrieron afectaciones por la sequ\u00eda del a\u00f1o pasado. De acuerdo con Julio M\u00e1rquez, productor de dicho lugar, los efectos de a sequ\u00eda se prolongaron hasta este a\u00f1o, los precios de la fruta son bajos. El kilogramo de pl\u00e1tano macho cuesta 7 pesos con [&hellip;]<\/p>\n","protected":false},"author":1,"featured_media":2486,"comment_status":"open","ping_status":"open","sticky":false,"template":"","format":"standard","meta":{"_jetpack_memberships_contains_paid_content":false,"footnotes":""},"categories":[2],"tags":[],"class_list":["post-2485","post","type-post","status-publish","format-standard","has-post-thumbnail","hentry","category-estado"],"jetpack_featured_media_url":"https:\/\/encuentroinformativo.com.mx\/wp-content\/uploads\/2020\/05\/42364285-2442-43CD-ADD7-C464939270A3.jpeg","jetpack_sharing_enabled":true,"jetpack_likes_enabled":true,"amp_enabled":true,"_links":{"self":[{"href":"https:\/\/encuentroinformativo.com.mx\/index.php?rest_route=\/wp\/v2\/posts\/2485","targetHints":{"allow":["GET"]}}],"collection":[{"href":"https:\/\/encuentroinformativo.com.mx\/index.php?rest_route=\/wp\/v2\/posts"}],"about":[{"href":"https:\/\/encuentroinformativo.com.mx\/index.php?rest_route=\/wp\/v2\/types\/post"}],"author":[{"embeddable":true,"href":"https:\/\/encuentroinformativo.com.mx\/index.php?rest_route=\/wp\/v2\/users\/1"}],"replies":[{"embeddable":true,"href":"https:\/\/encuentroinformativo.com.mx\/index.php?rest_route=%2Fwp%2Fv2%2Fcomments&post=2485"}],"version-history":[{"count":1,"href":"https:\/\/encuentroinformativo.com.mx\/index.php?rest_route=\/wp\/v2\/posts\/2485\/revisions"}],"predecessor-version":[{"id":2487,"href":"https:\/\/encuentroinformativo.com.mx\/index.php?rest_route=\/wp\/v2\/posts\/2485\/revisions\/2487"}],"wp:featuredmedia":[{"embeddable":true,"href":"https:\/\/encuentroinformativo.com.mx\/index.php?rest_route=\/wp\/v2\/media\/2486"}],"wp:attachment":[{"href":"https:\/\/encuentroinformativo.com.mx\/index.php?rest_route=%2Fwp%2Fv2%2Fmedia&parent=2485"}],"wp:term":[{"taxonomy":"category","embeddable":true,"href":"https:\/\/encuentroinformativo.com.mx\/index.php?rest_route=%2Fwp%2Fv2%2Fcategories&post=2485"},{"taxonomy":"post_tag","embeddable":true,"href":"https:\/\/encuentroinformativo.com.mx\/index.php?rest_route=%2Fwp%2Fv2%2Ftags&post=2485"}],"curies":[{"name":"wp","href":"https:\/\/api.w.org\/{rel}","templated":true}]}}