{"id":24850,"date":"2022-03-18T12:27:13","date_gmt":"2022-03-18T18:27:13","guid":{"rendered":"https:\/\/encuentroinformativo.com.mx\/?p=24850"},"modified":"2022-03-18T12:27:17","modified_gmt":"2022-03-18T18:27:17","slug":"realiza-comision-talleres-para-el-desarrollo-economico-en-el-sur-del-estado","status":"publish","type":"post","link":"https:\/\/encuentroinformativo.com.mx\/?p=24850","title":{"rendered":"Realiza Comisi\u00f3n talleres para el desarrollo econ\u00f3mico en el sur del estado"},"content":{"rendered":"\n<p><strong>*Este curso, promovido por la diputada Eusebia Cort\u00e9s P\u00e9rez, fue impartido por autoridades de la Secretar\u00eda de Desarrollo Econ\u00f3mico y Portuario del estado.<\/strong><\/p>\n\n\n\n<p>Coatzacoalcos, Ver.- La diputada Eusebia Cort\u00e9s P\u00e9rez, presidenta de la Comisi\u00f3n Permanente de Corredor Interoce\u00e1nico, Zonas Libres y Desarrollo Econ\u00f3mico de la LXVI Legislatura, clausur\u00f3 los trabajos del Taller de Inteligencia Colectiva para el Desarrollo Econ\u00f3mico, dirigido a emprendedores, comerciantes y empresarios del sur del estado y que tuvo como objetivo dar a conocer los programas y alcances con los que cuenta la Secretar\u00eda de Desarrollo Econ\u00f3mico y Portuario (Sedecop) para el impulso de este sector.<\/p>\n\n\n\n<p>Estos talleres se llevaron a cabo en la ciudad de Coatzacoalcos el pasado 16 y 17 de marzo y fueron impartidos, a trav\u00e9s de la Subsecretar\u00eda de Promoci\u00f3n y Apoyo al Comercio, encabezada por Joaqu\u00edn Rafael Galindo Toss y de la Direcci\u00f3n General de Promoci\u00f3n a Emprendedores y Mipymes, dirigida por Everardo Pa\u00edz Malag\u00f3n, ambas instancias de la Sedecop.<\/p>\n\n\n\n<p>En su intervenci\u00f3n, la diputada Eusebia Cort\u00e9s se\u00f1al\u00f3, \u201clos emprendedores y comerciantes veracruzanos sue\u00f1an con un futuro de crecimiento y bienestar para su familia, por lo que estos cursos representan un paso m\u00e1s para estar a la altura de las exigencias competitivas que se requieren\u201d.<\/p>\n\n\n\n<p>Agreg\u00f3 que, desde el Congreso, el compromiso de la Comisi\u00f3n es gestionar las herramientas necesarias que le permita a los habitantes de la zona fortalecerse ante la eminente puesta en marcha del Corredor Interoce\u00e1nico del Istmo, \u201cel cual traer\u00e1 grandes beneficios econ\u00f3micos y sociales a la regi\u00f3n\u201d, abund\u00f3.<\/p>\n\n\n\n<p>En este evento participaron emprendedores de los municipios de Coatzacoalcos, Nanchital, Ixhuatl\u00e1n del Sureste, Agua Dulce, Las Choapas, Minatitl\u00e1n y Acayucan; adem\u00e1s, se cont\u00f3 con la presencia de integrantes de la C\u00e1mara Mexicana de la Industria de la Construcci\u00f3n (CMIC) Coatzacoalcos-Veracruz sur, empresarios de la regi\u00f3n y p\u00fablico en general.<\/p>\n","protected":false},"excerpt":{"rendered":"<p>*Este curso, promovido por la diputada Eusebia Cort\u00e9s P\u00e9rez, fue impartido por autoridades de la Secretar\u00eda de Desarrollo Econ\u00f3mico y Portuario del estado. Coatzacoalcos, Ver.- La diputada Eusebia Cort\u00e9s P\u00e9rez, presidenta de la Comisi\u00f3n Permanente de Corredor Interoce\u00e1nico, Zonas Libres y Desarrollo Econ\u00f3mico de la LXVI Legislatura, clausur\u00f3 los trabajos del Taller de Inteligencia Colectiva [&hellip;]<\/p>\n","protected":false},"author":1,"featured_media":24851,"comment_status":"open","ping_status":"open","sticky":false,"template":"","format":"standard","meta":{"_jetpack_memberships_contains_paid_content":false,"footnotes":""},"categories":[2],"tags":[],"class_list":["post-24850","post","type-post","status-publish","format-standard","has-post-thumbnail","hentry","category-estado"],"jetpack_featured_media_url":"https:\/\/encuentroinformativo.com.mx\/wp-content\/uploads\/2022\/03\/DDB298F5-888A-48DB-94BB-2EDA4CD0E2E5.jpeg","jetpack_sharing_enabled":true,"jetpack_likes_enabled":true,"amp_enabled":true,"_links":{"self":[{"href":"https:\/\/encuentroinformativo.com.mx\/index.php?rest_route=\/wp\/v2\/posts\/24850","targetHints":{"allow":["GET"]}}],"collection":[{"href":"https:\/\/encuentroinformativo.com.mx\/index.php?rest_route=\/wp\/v2\/posts"}],"about":[{"href":"https:\/\/encuentroinformativo.com.mx\/index.php?rest_route=\/wp\/v2\/types\/post"}],"author":[{"embeddable":true,"href":"https:\/\/encuentroinformativo.com.mx\/index.php?rest_route=\/wp\/v2\/users\/1"}],"replies":[{"embeddable":true,"href":"https:\/\/encuentroinformativo.com.mx\/index.php?rest_route=%2Fwp%2Fv2%2Fcomments&post=24850"}],"version-history":[{"count":1,"href":"https:\/\/encuentroinformativo.com.mx\/index.php?rest_route=\/wp\/v2\/posts\/24850\/revisions"}],"predecessor-version":[{"id":24852,"href":"https:\/\/encuentroinformativo.com.mx\/index.php?rest_route=\/wp\/v2\/posts\/24850\/revisions\/24852"}],"wp:featuredmedia":[{"embeddable":true,"href":"https:\/\/encuentroinformativo.com.mx\/index.php?rest_route=\/wp\/v2\/media\/24851"}],"wp:attachment":[{"href":"https:\/\/encuentroinformativo.com.mx\/index.php?rest_route=%2Fwp%2Fv2%2Fmedia&parent=24850"}],"wp:term":[{"taxonomy":"category","embeddable":true,"href":"https:\/\/encuentroinformativo.com.mx\/index.php?rest_route=%2Fwp%2Fv2%2Fcategories&post=24850"},{"taxonomy":"post_tag","embeddable":true,"href":"https:\/\/encuentroinformativo.com.mx\/index.php?rest_route=%2Fwp%2Fv2%2Ftags&post=24850"}],"curies":[{"name":"wp","href":"https:\/\/api.w.org\/{rel}","templated":true}]}}