{"id":24853,"date":"2022-03-18T13:13:49","date_gmt":"2022-03-18T19:13:49","guid":{"rendered":"https:\/\/encuentroinformativo.com.mx\/?p=24853"},"modified":"2022-03-18T13:13:52","modified_gmt":"2022-03-18T19:13:52","slug":"restablecen-servicio-de-agua-a-vargas-tras-cubrir-adeudo-con-cfe","status":"publish","type":"post","link":"https:\/\/encuentroinformativo.com.mx\/?p=24853","title":{"rendered":"Restablecen servicio de agua a Vargas tras cubrir adeudo con CFE"},"content":{"rendered":"\n<p><strong>Alejandro \u00c1vila<\/strong><\/p>\n\n\n\n<p>Veracruz, Ver.- El Ayuntamiento de Veracruz inform\u00f3 a los ciudadanos de la zona rural de Vargas que, este viernes l\u00edquido el adeudo de 300 mil pesos que se ten\u00eda con la Comisi\u00f3n Federal de Electricidad (CFE), para que el pozo volviera a tener luz, y as\u00ed se les bombear\u00e1 de agua potable.<\/p>\n\n\n\n<p>Cabe mencionar que existe un Consejo Ciudadano el cual se encarga de cobrar una cuota mensual a cada familia para cubrir el recibo de luz del pozo de agua; sin embargo, desde hace meses se hab\u00eda dejado de efectuar el pago, por lo que la empresa federal cort\u00f3 la energ\u00eda el\u00e9ctrica hace 15 d\u00edas.<\/p>\n\n\n\n<p>Este viernes la alcaldesa, Patricia Lobeira Rodr\u00edguez, en compa\u00f1\u00eda del Agente Municipal, Eduardo Colorado Zapata, y del director de Fomento Agropecuario, Carlos Sosa Ahumada, sostuvo una reuni\u00f3n con los ciudadanos, en el parque central de Vargas.<\/p>\n\n\n\n<p>&#8220;Conozco la labor de las madres de casa, de las abuelitas, qu\u00e9 cuando tenemos hijos o tenemos alg\u00fan adulto mayor que estamos cuidando, pues es fundamental que tengamos agua. Es por eso que nos preocupamos en el Ayuntamiento y venimos aqu\u00ed con ustedes para que sepan que tienen una aliada en el Ayuntamiento de Veracruz, que con la alcaldesa van a poder trabajar de la mano,&nbsp;<\/p>\n\n\n\n<p>&#8220;Tambi\u00e9n sab\u00eda yo que ven\u00eda la fiesta patronal de San Jos\u00e9, y que aqu\u00ed en Vargas s\u00ed celebran esa fiesta, y nos preocupaba que tuvieran la fiesta y no tuvieran agua (\u2026) les tenemos una excelente noticia, ya se hizo el pago, y el servicio del agua debe estar restablecido hoy en la tarde&#8221;, se\u00f1al\u00f3 la alcaldesa.<\/p>\n\n\n\n<p>Durante los 15 d\u00edas pasados, los casi 4 mil ciudadanos de la zona rural de Vargas, hab\u00edan obtenido agua comprando pipas para abastecer sus viviendas.<\/p>\n","protected":false},"excerpt":{"rendered":"<p>Alejandro \u00c1vila Veracruz, Ver.- El Ayuntamiento de Veracruz inform\u00f3 a los ciudadanos de la zona rural de Vargas que, este viernes l\u00edquido el adeudo de 300 mil pesos que se ten\u00eda con la Comisi\u00f3n Federal de Electricidad (CFE), para que el pozo volviera a tener luz, y as\u00ed se les bombear\u00e1 de agua potable. Cabe [&hellip;]<\/p>\n","protected":false},"author":1,"featured_media":24854,"comment_status":"open","ping_status":"open","sticky":false,"template":"","format":"standard","meta":{"_jetpack_memberships_contains_paid_content":false,"footnotes":""},"categories":[2],"tags":[],"class_list":["post-24853","post","type-post","status-publish","format-standard","has-post-thumbnail","hentry","category-estado"],"jetpack_featured_media_url":"https:\/\/encuentroinformativo.com.mx\/wp-content\/uploads\/2022\/03\/1CE09A58-D9D9-4FAD-A00E-FCA6BBFDA467.jpeg","jetpack_sharing_enabled":true,"jetpack_likes_enabled":true,"amp_enabled":true,"_links":{"self":[{"href":"https:\/\/encuentroinformativo.com.mx\/index.php?rest_route=\/wp\/v2\/posts\/24853","targetHints":{"allow":["GET"]}}],"collection":[{"href":"https:\/\/encuentroinformativo.com.mx\/index.php?rest_route=\/wp\/v2\/posts"}],"about":[{"href":"https:\/\/encuentroinformativo.com.mx\/index.php?rest_route=\/wp\/v2\/types\/post"}],"author":[{"embeddable":true,"href":"https:\/\/encuentroinformativo.com.mx\/index.php?rest_route=\/wp\/v2\/users\/1"}],"replies":[{"embeddable":true,"href":"https:\/\/encuentroinformativo.com.mx\/index.php?rest_route=%2Fwp%2Fv2%2Fcomments&post=24853"}],"version-history":[{"count":1,"href":"https:\/\/encuentroinformativo.com.mx\/index.php?rest_route=\/wp\/v2\/posts\/24853\/revisions"}],"predecessor-version":[{"id":24855,"href":"https:\/\/encuentroinformativo.com.mx\/index.php?rest_route=\/wp\/v2\/posts\/24853\/revisions\/24855"}],"wp:featuredmedia":[{"embeddable":true,"href":"https:\/\/encuentroinformativo.com.mx\/index.php?rest_route=\/wp\/v2\/media\/24854"}],"wp:attachment":[{"href":"https:\/\/encuentroinformativo.com.mx\/index.php?rest_route=%2Fwp%2Fv2%2Fmedia&parent=24853"}],"wp:term":[{"taxonomy":"category","embeddable":true,"href":"https:\/\/encuentroinformativo.com.mx\/index.php?rest_route=%2Fwp%2Fv2%2Fcategories&post=24853"},{"taxonomy":"post_tag","embeddable":true,"href":"https:\/\/encuentroinformativo.com.mx\/index.php?rest_route=%2Fwp%2Fv2%2Ftags&post=24853"}],"curies":[{"name":"wp","href":"https:\/\/api.w.org\/{rel}","templated":true}]}}