{"id":24856,"date":"2022-03-18T13:55:56","date_gmt":"2022-03-18T19:55:56","guid":{"rendered":"https:\/\/encuentroinformativo.com.mx\/?p=24856"},"modified":"2022-03-18T13:56:00","modified_gmt":"2022-03-18T19:56:00","slug":"fge-envia-a-victima-a-notificar-a-su-agresor","status":"publish","type":"post","link":"https:\/\/encuentroinformativo.com.mx\/?p=24856","title":{"rendered":"FGE env\u00eda a v\u00edctima a notificar a su agresor"},"content":{"rendered":"\n<p><strong>Alejandro \u00c1vila<\/strong><\/p>\n\n\n\n<p>Veracruz, Ver.- El calvario que vive una ciudadana de la Reserva Tarimoya en el municipio de Veracruz, por el acoso que ha sufrido desde hace 20 a\u00f1os por parte de uno de sus vecinos, se acrecenta m\u00e1s, por el p\u00e9simo accionar de la Fiscal\u00eda General del Estado (FGE).<\/p>\n\n\n\n<p>La mujer, madre de dos hijos, ha tenido que soportar ser grabada, fotografiada y agredida verbalmente por el vecino de la casa de enfrente, de nombre Hilario &#8220;N&#8221;; en 2014, a pesar de haberlo denunciado a las autoridades, nada cambi\u00f3, y el agresor y su familia, continuaron violetandola.<\/p>\n\n\n\n<p>El pasado 9 de marzo volvi\u00f3 a denunciar a su agresor, quien \u00faltimamente la sigue al salir de su casa; pero en un mal proceder de la Fiscal\u00eda de Veracruz, env\u00edo a la misma v\u00edctima a entregar el citatorio a su agresor, aunque est\u00e9 y su familia no lo ha querido recibir.<\/p>\n\n\n\n<p>&#8220;Yo sigo caminando por las calles sola, yo no me siento segura al caminar, yo tengo temor, yo tengo que estar cambiando de rutas y pagando taxis para que me recojan y regres\u00e9 a mi casa&#8221;, asest\u00f3 la v\u00edctima de identidad reservada.<\/p>\n","protected":false},"excerpt":{"rendered":"<p>Alejandro \u00c1vila Veracruz, Ver.- El calvario que vive una ciudadana de la Reserva Tarimoya en el municipio de Veracruz, por el acoso que ha sufrido desde hace 20 a\u00f1os por parte de uno de sus vecinos, se acrecenta m\u00e1s, por el p\u00e9simo accionar de la Fiscal\u00eda General del Estado (FGE). La mujer, madre de dos [&hellip;]<\/p>\n","protected":false},"author":1,"featured_media":24857,"comment_status":"open","ping_status":"open","sticky":false,"template":"","format":"standard","meta":{"_jetpack_memberships_contains_paid_content":false,"footnotes":""},"categories":[2],"tags":[],"class_list":["post-24856","post","type-post","status-publish","format-standard","has-post-thumbnail","hentry","category-estado"],"jetpack_featured_media_url":"https:\/\/encuentroinformativo.com.mx\/wp-content\/uploads\/2022\/03\/5656C8F8-BB5B-434C-AE57-D747EEC75A79.jpeg","jetpack_sharing_enabled":true,"jetpack_likes_enabled":true,"amp_enabled":true,"_links":{"self":[{"href":"https:\/\/encuentroinformativo.com.mx\/index.php?rest_route=\/wp\/v2\/posts\/24856","targetHints":{"allow":["GET"]}}],"collection":[{"href":"https:\/\/encuentroinformativo.com.mx\/index.php?rest_route=\/wp\/v2\/posts"}],"about":[{"href":"https:\/\/encuentroinformativo.com.mx\/index.php?rest_route=\/wp\/v2\/types\/post"}],"author":[{"embeddable":true,"href":"https:\/\/encuentroinformativo.com.mx\/index.php?rest_route=\/wp\/v2\/users\/1"}],"replies":[{"embeddable":true,"href":"https:\/\/encuentroinformativo.com.mx\/index.php?rest_route=%2Fwp%2Fv2%2Fcomments&post=24856"}],"version-history":[{"count":1,"href":"https:\/\/encuentroinformativo.com.mx\/index.php?rest_route=\/wp\/v2\/posts\/24856\/revisions"}],"predecessor-version":[{"id":24858,"href":"https:\/\/encuentroinformativo.com.mx\/index.php?rest_route=\/wp\/v2\/posts\/24856\/revisions\/24858"}],"wp:featuredmedia":[{"embeddable":true,"href":"https:\/\/encuentroinformativo.com.mx\/index.php?rest_route=\/wp\/v2\/media\/24857"}],"wp:attachment":[{"href":"https:\/\/encuentroinformativo.com.mx\/index.php?rest_route=%2Fwp%2Fv2%2Fmedia&parent=24856"}],"wp:term":[{"taxonomy":"category","embeddable":true,"href":"https:\/\/encuentroinformativo.com.mx\/index.php?rest_route=%2Fwp%2Fv2%2Fcategories&post=24856"},{"taxonomy":"post_tag","embeddable":true,"href":"https:\/\/encuentroinformativo.com.mx\/index.php?rest_route=%2Fwp%2Fv2%2Ftags&post=24856"}],"curies":[{"name":"wp","href":"https:\/\/api.w.org\/{rel}","templated":true}]}}