{"id":24862,"date":"2022-03-18T14:43:04","date_gmt":"2022-03-18T20:43:04","guid":{"rendered":"https:\/\/encuentroinformativo.com.mx\/?p=24862"},"modified":"2022-03-18T14:43:08","modified_gmt":"2022-03-18T20:43:08","slug":"desaparicion-de-escuelas-de-tiempo-completo-afecta-al-gremio-magisterial-snte","status":"publish","type":"post","link":"https:\/\/encuentroinformativo.com.mx\/?p=24862","title":{"rendered":"Desaparici\u00f3n de Escuelas de Tiempo Completo afecta al gremio magisterial: SNTE"},"content":{"rendered":"\n<p><strong>Juan Arcos <\/strong><\/p>\n\n\n\n<p>Xalapa, Ver.- La desaparici\u00f3n del programa federal Escuelas de Tiempo Completo (PETC) afectar\u00e1 econ\u00f3micamente al gremio magisterial de Veracruz.<\/p>\n\n\n\n<p>As\u00ed lo dio a conocer el titular de Asuntos Laborales de Primarias de la Secci\u00f3n 56 del Sindicato Nacional de Trabajadores de la Educaci\u00f3n (SNTE), Leonardo Campos Aparicio, quien a\u00f1adi\u00f3 que el anuncio sorprendi\u00f3 a los docentes de la entidad.<\/p>\n\n\n\n<p>\u201cNos sorprendi\u00f3 porque hay compa\u00f1eros que reciben un ingreso. Es una pena que quiten ese presupuesto\u201d, expres\u00f3 el entrevistado.<\/p>\n\n\n\n<p>Dicho programa buscaba incrementar el rendimiento de los alumnos de las escuelas p\u00fablicas de educaci\u00f3n b\u00e1sica, mediante la ampliaci\u00f3n de su estancia en los planteles.<\/p>\n\n\n\n<p>Adem\u00e1s, provee a las escuelas material did\u00e1ctico y equipo inform\u00e1tico para uso meramente did\u00e1ctico; tambi\u00e9n otorga recursos econ\u00f3micos para el acondicionamiento de los espacios y otorga insumos para la alienaci\u00f3n de estudiantes y profesores.<\/p>\n\n\n\n<p>Cabe recordar que el programa de Escuelas de Tiempo Completo tiene una cobertura de mil 212 municipios para atender a 3 mil 426 localidades.<\/p>\n\n\n\n<p>En la secci\u00f3n 57 del SNTE hay cerca de 500 docentes en el programa federal mencionado, quienes ofrecen sus servicios principalmente en zonas rurales.<\/p>\n\n\n\n<p>Por tal motivo, Campos Aparicio se\u00f1al\u00f3 que la desaparici\u00f3n de las Escuelas de Tiempo Completo representa un atentado contra la educaci\u00f3n b\u00e1sica del pa\u00eds.<\/p>\n\n\n\n<p>\u201cCuando hemos trabajado en una comunidad, llegamos a querer a la gente, pues somos capaces de invertir en la educaci\u00f3n\u201d, culmin\u00f3.<\/p>\n","protected":false},"excerpt":{"rendered":"<p>Juan Arcos Xalapa, Ver.- La desaparici\u00f3n del programa federal Escuelas de Tiempo Completo (PETC) afectar\u00e1 econ\u00f3micamente al gremio magisterial de Veracruz. As\u00ed lo dio a conocer el titular de Asuntos Laborales de Primarias de la Secci\u00f3n 56 del Sindicato Nacional de Trabajadores de la Educaci\u00f3n (SNTE), Leonardo Campos Aparicio, quien a\u00f1adi\u00f3 que el anuncio sorprendi\u00f3 [&hellip;]<\/p>\n","protected":false},"author":1,"featured_media":24863,"comment_status":"open","ping_status":"open","sticky":false,"template":"","format":"standard","meta":{"_jetpack_memberships_contains_paid_content":false,"footnotes":""},"categories":[2],"tags":[],"class_list":["post-24862","post","type-post","status-publish","format-standard","has-post-thumbnail","hentry","category-estado"],"jetpack_featured_media_url":"https:\/\/encuentroinformativo.com.mx\/wp-content\/uploads\/2022\/03\/D0F67649-467B-4E65-9DFA-CBEE69B13B19.jpeg","jetpack_sharing_enabled":true,"jetpack_likes_enabled":true,"amp_enabled":true,"_links":{"self":[{"href":"https:\/\/encuentroinformativo.com.mx\/index.php?rest_route=\/wp\/v2\/posts\/24862","targetHints":{"allow":["GET"]}}],"collection":[{"href":"https:\/\/encuentroinformativo.com.mx\/index.php?rest_route=\/wp\/v2\/posts"}],"about":[{"href":"https:\/\/encuentroinformativo.com.mx\/index.php?rest_route=\/wp\/v2\/types\/post"}],"author":[{"embeddable":true,"href":"https:\/\/encuentroinformativo.com.mx\/index.php?rest_route=\/wp\/v2\/users\/1"}],"replies":[{"embeddable":true,"href":"https:\/\/encuentroinformativo.com.mx\/index.php?rest_route=%2Fwp%2Fv2%2Fcomments&post=24862"}],"version-history":[{"count":1,"href":"https:\/\/encuentroinformativo.com.mx\/index.php?rest_route=\/wp\/v2\/posts\/24862\/revisions"}],"predecessor-version":[{"id":24864,"href":"https:\/\/encuentroinformativo.com.mx\/index.php?rest_route=\/wp\/v2\/posts\/24862\/revisions\/24864"}],"wp:featuredmedia":[{"embeddable":true,"href":"https:\/\/encuentroinformativo.com.mx\/index.php?rest_route=\/wp\/v2\/media\/24863"}],"wp:attachment":[{"href":"https:\/\/encuentroinformativo.com.mx\/index.php?rest_route=%2Fwp%2Fv2%2Fmedia&parent=24862"}],"wp:term":[{"taxonomy":"category","embeddable":true,"href":"https:\/\/encuentroinformativo.com.mx\/index.php?rest_route=%2Fwp%2Fv2%2Fcategories&post=24862"},{"taxonomy":"post_tag","embeddable":true,"href":"https:\/\/encuentroinformativo.com.mx\/index.php?rest_route=%2Fwp%2Fv2%2Ftags&post=24862"}],"curies":[{"name":"wp","href":"https:\/\/api.w.org\/{rel}","templated":true}]}}