{"id":24865,"date":"2022-03-18T15:05:50","date_gmt":"2022-03-18T21:05:50","guid":{"rendered":"https:\/\/encuentroinformativo.com.mx\/?p=24865"},"modified":"2022-03-18T15:05:54","modified_gmt":"2022-03-18T21:05:54","slug":"colegio-bachilleres-de-veracruz-con-severos-danos-estructurales","status":"publish","type":"post","link":"https:\/\/encuentroinformativo.com.mx\/?p=24865","title":{"rendered":"Colegio Bachilleres de Veracruz con severos da\u00f1os estructurales"},"content":{"rendered":"\n<p><strong>Alejandro \u00c1vila<\/strong><\/p>\n\n\n\n<p>Veracruz, Ver.- A diferencia de otras instituciones educativas, el Colegio de Bachilleres de Veracruz no ha abierto sus puertas para clases presenciales; uno de los grandes problemas, es el severo da\u00f1o en su estructura con la que cuenta.<\/p>\n\n\n\n<p>El segundo piso del inmueble presenta filtraciones en todas sus aulas, situaci\u00f3n que ha mermado gran parte de la instituci\u00f3n educativa, y se corre el riesgo de qu\u00e9 algunos espacios puedan caerse por pedazos.<\/p>\n\n\n\n<p>El presidente del Patronato de Padres de Familia del turno matutino, Daniel Mart\u00ednez Renter\u00eda dijo que, hicieron una cotizaci\u00f3n con una constructora, la cual le se\u00f1al\u00f3 qu\u00e9 lo prioritario es el cambio de losa en la estructura, pues est\u00e1 se encuentra muy da\u00f1ada; sin embargo, y a pesar de que han intentado platicar con las autoridades correspondientes, sus solicitudes de reuni\u00f3n fueron denegadas.<\/p>\n\n\n\n<p>&#8220;Nuestras preocupaci\u00f3n es la seguridad de los alumnos y que las lluvias reblandezcan el da\u00f1o, el no tener las instalaciones completas est\u00e1 afectando a los alumnos, que es donde tenemos la mayor afectaci\u00f3n. Al principio dec\u00edamos que los alumnos regresaran a la escuela porque el encierro los ten\u00eda afectados, pero ahora cunado vienen no vienen completos y no se ocupa la escuela en toda su capacidad&#8221;, agreg\u00f3.<\/p>\n\n\n\n<p>Por el momento, los m\u00e1s de 1 800 alumnos se encuentran en clases bajo el formato h\u00edbrido; es decir, unos d\u00edas acuden presencialmente a las aulas, y otras ocasiones lo hacen desde sus casas, a trav\u00e9s de la computadora.<\/p>\n","protected":false},"excerpt":{"rendered":"<p>Alejandro \u00c1vila Veracruz, Ver.- A diferencia de otras instituciones educativas, el Colegio de Bachilleres de Veracruz no ha abierto sus puertas para clases presenciales; uno de los grandes problemas, es el severo da\u00f1o en su estructura con la que cuenta. El segundo piso del inmueble presenta filtraciones en todas sus aulas, situaci\u00f3n que ha mermado [&hellip;]<\/p>\n","protected":false},"author":1,"featured_media":24866,"comment_status":"open","ping_status":"open","sticky":false,"template":"","format":"standard","meta":{"_jetpack_memberships_contains_paid_content":false,"footnotes":""},"categories":[2],"tags":[],"class_list":["post-24865","post","type-post","status-publish","format-standard","has-post-thumbnail","hentry","category-estado"],"jetpack_featured_media_url":"https:\/\/encuentroinformativo.com.mx\/wp-content\/uploads\/2022\/03\/FA418F83-DD23-4203-8DBD-7C147C10E183.jpeg","jetpack_sharing_enabled":true,"jetpack_likes_enabled":true,"amp_enabled":true,"_links":{"self":[{"href":"https:\/\/encuentroinformativo.com.mx\/index.php?rest_route=\/wp\/v2\/posts\/24865","targetHints":{"allow":["GET"]}}],"collection":[{"href":"https:\/\/encuentroinformativo.com.mx\/index.php?rest_route=\/wp\/v2\/posts"}],"about":[{"href":"https:\/\/encuentroinformativo.com.mx\/index.php?rest_route=\/wp\/v2\/types\/post"}],"author":[{"embeddable":true,"href":"https:\/\/encuentroinformativo.com.mx\/index.php?rest_route=\/wp\/v2\/users\/1"}],"replies":[{"embeddable":true,"href":"https:\/\/encuentroinformativo.com.mx\/index.php?rest_route=%2Fwp%2Fv2%2Fcomments&post=24865"}],"version-history":[{"count":1,"href":"https:\/\/encuentroinformativo.com.mx\/index.php?rest_route=\/wp\/v2\/posts\/24865\/revisions"}],"predecessor-version":[{"id":24867,"href":"https:\/\/encuentroinformativo.com.mx\/index.php?rest_route=\/wp\/v2\/posts\/24865\/revisions\/24867"}],"wp:featuredmedia":[{"embeddable":true,"href":"https:\/\/encuentroinformativo.com.mx\/index.php?rest_route=\/wp\/v2\/media\/24866"}],"wp:attachment":[{"href":"https:\/\/encuentroinformativo.com.mx\/index.php?rest_route=%2Fwp%2Fv2%2Fmedia&parent=24865"}],"wp:term":[{"taxonomy":"category","embeddable":true,"href":"https:\/\/encuentroinformativo.com.mx\/index.php?rest_route=%2Fwp%2Fv2%2Fcategories&post=24865"},{"taxonomy":"post_tag","embeddable":true,"href":"https:\/\/encuentroinformativo.com.mx\/index.php?rest_route=%2Fwp%2Fv2%2Ftags&post=24865"}],"curies":[{"name":"wp","href":"https:\/\/api.w.org\/{rel}","templated":true}]}}