{"id":24868,"date":"2022-03-18T16:54:46","date_gmt":"2022-03-18T22:54:46","guid":{"rendered":"https:\/\/encuentroinformativo.com.mx\/?p=24868"},"modified":"2022-03-18T16:54:50","modified_gmt":"2022-03-18T22:54:50","slug":"promueven-trabajo-de-artesanos","status":"publish","type":"post","link":"https:\/\/encuentroinformativo.com.mx\/?p=24868","title":{"rendered":"Promueven trabajo de artesanos"},"content":{"rendered":"\n<p>Xalapa, Ver.- Con la participaci\u00f3n de m\u00e1s de 300 expositores dio inicio la celebraci\u00f3n del D\u00eda Internacional del Artesano y Artesana, en Plaza Lerdo, Palacio de Gobierno y parque Ju\u00e1rez a partir de este viernes.<\/p>\n\n\n\n<p>Los artesanos expondr\u00e1n sus productos y se realizar\u00e1n actividades alusivas hasta el pr\u00f3ximo domingo 20 de marzo.<\/p>\n\n\n\n<figure class=\"wp-block-image size-large\"><img loading=\"lazy\" decoding=\"async\" width=\"1024\" height=\"683\" src=\"https:\/\/encuentroinformativo.com.mx\/wp-content\/uploads\/2022\/03\/1F6FDD12-85C8-460B-9527-511C3B20DCC4-1024x683.jpeg\" alt=\"\" class=\"wp-image-24870\" srcset=\"https:\/\/encuentroinformativo.com.mx\/wp-content\/uploads\/2022\/03\/1F6FDD12-85C8-460B-9527-511C3B20DCC4-1024x683.jpeg 1024w, https:\/\/encuentroinformativo.com.mx\/wp-content\/uploads\/2022\/03\/1F6FDD12-85C8-460B-9527-511C3B20DCC4-300x200.jpeg 300w, https:\/\/encuentroinformativo.com.mx\/wp-content\/uploads\/2022\/03\/1F6FDD12-85C8-460B-9527-511C3B20DCC4-768x512.jpeg 768w, https:\/\/encuentroinformativo.com.mx\/wp-content\/uploads\/2022\/03\/1F6FDD12-85C8-460B-9527-511C3B20DCC4-1536x1024.jpeg 1536w, https:\/\/encuentroinformativo.com.mx\/wp-content\/uploads\/2022\/03\/1F6FDD12-85C8-460B-9527-511C3B20DCC4.jpeg 1600w\" sizes=\"auto, (max-width: 1024px) 100vw, 1024px\" \/><\/figure>\n\n\n\n<figure class=\"wp-block-image size-large\"><img loading=\"lazy\" decoding=\"async\" width=\"1024\" height=\"683\" src=\"https:\/\/encuentroinformativo.com.mx\/wp-content\/uploads\/2022\/03\/629FC8CA-30AE-49F1-8597-A6C79B742D68-1024x683.jpeg\" alt=\"\" class=\"wp-image-24871\" srcset=\"https:\/\/encuentroinformativo.com.mx\/wp-content\/uploads\/2022\/03\/629FC8CA-30AE-49F1-8597-A6C79B742D68-1024x683.jpeg 1024w, https:\/\/encuentroinformativo.com.mx\/wp-content\/uploads\/2022\/03\/629FC8CA-30AE-49F1-8597-A6C79B742D68-300x200.jpeg 300w, https:\/\/encuentroinformativo.com.mx\/wp-content\/uploads\/2022\/03\/629FC8CA-30AE-49F1-8597-A6C79B742D68-768x512.jpeg 768w, https:\/\/encuentroinformativo.com.mx\/wp-content\/uploads\/2022\/03\/629FC8CA-30AE-49F1-8597-A6C79B742D68-1536x1024.jpeg 1536w, https:\/\/encuentroinformativo.com.mx\/wp-content\/uploads\/2022\/03\/629FC8CA-30AE-49F1-8597-A6C79B742D68.jpeg 1600w\" sizes=\"auto, (max-width: 1024px) 100vw, 1024px\" \/><\/figure>\n\n\n\n<figure class=\"wp-block-image size-large\"><img loading=\"lazy\" decoding=\"async\" width=\"1024\" height=\"683\" src=\"https:\/\/encuentroinformativo.com.mx\/wp-content\/uploads\/2022\/03\/B8EF7E69-9115-4D68-87EB-E4BE3D6F4059-1024x683.jpeg\" alt=\"\" class=\"wp-image-24872\" srcset=\"https:\/\/encuentroinformativo.com.mx\/wp-content\/uploads\/2022\/03\/B8EF7E69-9115-4D68-87EB-E4BE3D6F4059-1024x683.jpeg 1024w, https:\/\/encuentroinformativo.com.mx\/wp-content\/uploads\/2022\/03\/B8EF7E69-9115-4D68-87EB-E4BE3D6F4059-300x200.jpeg 300w, https:\/\/encuentroinformativo.com.mx\/wp-content\/uploads\/2022\/03\/B8EF7E69-9115-4D68-87EB-E4BE3D6F4059-768x512.jpeg 768w, https:\/\/encuentroinformativo.com.mx\/wp-content\/uploads\/2022\/03\/B8EF7E69-9115-4D68-87EB-E4BE3D6F4059-1536x1024.jpeg 1536w, https:\/\/encuentroinformativo.com.mx\/wp-content\/uploads\/2022\/03\/B8EF7E69-9115-4D68-87EB-E4BE3D6F4059.jpeg 1600w\" sizes=\"auto, (max-width: 1024px) 100vw, 1024px\" \/><\/figure>\n","protected":false},"excerpt":{"rendered":"<p>Xalapa, Ver.- Con la participaci\u00f3n de m\u00e1s de 300 expositores dio inicio la celebraci\u00f3n del D\u00eda Internacional del Artesano y Artesana, en Plaza Lerdo, Palacio de Gobierno y parque Ju\u00e1rez a partir de este viernes. Los artesanos expondr\u00e1n sus productos y se realizar\u00e1n actividades alusivas hasta el pr\u00f3ximo domingo 20 de marzo.<\/p>\n","protected":false},"author":1,"featured_media":24869,"comment_status":"open","ping_status":"open","sticky":false,"template":"","format":"standard","meta":{"_jetpack_memberships_contains_paid_content":false,"footnotes":""},"categories":[3],"tags":[],"class_list":["post-24868","post","type-post","status-publish","format-standard","has-post-thumbnail","hentry","category-xalapa"],"jetpack_featured_media_url":"https:\/\/encuentroinformativo.com.mx\/wp-content\/uploads\/2022\/03\/3949EB6E-EB50-49B4-9209-7231B539A2BC.jpeg","jetpack_sharing_enabled":true,"jetpack_likes_enabled":true,"amp_enabled":true,"_links":{"self":[{"href":"https:\/\/encuentroinformativo.com.mx\/index.php?rest_route=\/wp\/v2\/posts\/24868","targetHints":{"allow":["GET"]}}],"collection":[{"href":"https:\/\/encuentroinformativo.com.mx\/index.php?rest_route=\/wp\/v2\/posts"}],"about":[{"href":"https:\/\/encuentroinformativo.com.mx\/index.php?rest_route=\/wp\/v2\/types\/post"}],"author":[{"embeddable":true,"href":"https:\/\/encuentroinformativo.com.mx\/index.php?rest_route=\/wp\/v2\/users\/1"}],"replies":[{"embeddable":true,"href":"https:\/\/encuentroinformativo.com.mx\/index.php?rest_route=%2Fwp%2Fv2%2Fcomments&post=24868"}],"version-history":[{"count":1,"href":"https:\/\/encuentroinformativo.com.mx\/index.php?rest_route=\/wp\/v2\/posts\/24868\/revisions"}],"predecessor-version":[{"id":24873,"href":"https:\/\/encuentroinformativo.com.mx\/index.php?rest_route=\/wp\/v2\/posts\/24868\/revisions\/24873"}],"wp:featuredmedia":[{"embeddable":true,"href":"https:\/\/encuentroinformativo.com.mx\/index.php?rest_route=\/wp\/v2\/media\/24869"}],"wp:attachment":[{"href":"https:\/\/encuentroinformativo.com.mx\/index.php?rest_route=%2Fwp%2Fv2%2Fmedia&parent=24868"}],"wp:term":[{"taxonomy":"category","embeddable":true,"href":"https:\/\/encuentroinformativo.com.mx\/index.php?rest_route=%2Fwp%2Fv2%2Fcategories&post=24868"},{"taxonomy":"post_tag","embeddable":true,"href":"https:\/\/encuentroinformativo.com.mx\/index.php?rest_route=%2Fwp%2Fv2%2Ftags&post=24868"}],"curies":[{"name":"wp","href":"https:\/\/api.w.org\/{rel}","templated":true}]}}