{"id":24880,"date":"2022-03-19T10:56:47","date_gmt":"2022-03-19T16:56:47","guid":{"rendered":"https:\/\/encuentroinformativo.com.mx\/?p=24880"},"modified":"2022-03-19T10:56:51","modified_gmt":"2022-03-19T16:56:51","slug":"promueve-legislador-jornadas-medicas","status":"publish","type":"post","link":"https:\/\/encuentroinformativo.com.mx\/?p=24880","title":{"rendered":"Promueve legislador jornadas m\u00e9dicas"},"content":{"rendered":"\n<p><strong>Alejandro \u00c1vila<\/strong><\/p>\n\n\n\n<p>Boca del R\u00edo, Ver.- El diputado, Jaime de la Garza Mart\u00ednez, firm\u00f3 convenio con la empresa Intermedica, misma que llevar\u00e1 Brigadas de Salud a los municipios que conforman el distrito XVI; es decir, Acula, Alvarado, Tlalixcoyan, Ignacio de la Llave y Boca del R\u00edo.<\/p>\n\n\n\n<p>La intenci\u00f3n es que, la ciudadan\u00eda m\u00e1s vulnerable obtenga descuentos en estudios de laboratorio y consultas m\u00e9dicas con especialistas; adem\u00e1s de brindar atenciones preventivas a mujeres, ni\u00f1os, adultos mayores y personas con discapacidad como prioridad, dentro de las brigadas m\u00e9dicas.<\/p>\n\n\n\n<p>A decir del panista, con este convenio de colaboraci\u00f3n se busca darle accebilidad m\u00e9dica de calidad, a la sociedad m\u00e1s vulnerable; incluso, durante estas jornadas se buscar\u00e1 vincular -en caso de requerirlo- a los ciudadanos con dependencias estatales o municipales, para brindarles otros apoyos que necesiten.<\/p>\n\n\n\n<p>Se aclar\u00f3 que, por seguridad de la poblaci\u00f3n, la informaci\u00f3n, documentaci\u00f3n y conocimiento de acciones ejecutadas para cumplimiento del convenio, ser\u00e1 tratada conforme a las disposiciones&nbsp;<\/p>\n\n\n\n<p>legales correspondientes en materia de transparencia, acceso a la informaci\u00f3n y protecci\u00f3n de datos personales.<\/p>\n","protected":false},"excerpt":{"rendered":"<p>Alejandro \u00c1vila Boca del R\u00edo, Ver.- El diputado, Jaime de la Garza Mart\u00ednez, firm\u00f3 convenio con la empresa Intermedica, misma que llevar\u00e1 Brigadas de Salud a los municipios que conforman el distrito XVI; es decir, Acula, Alvarado, Tlalixcoyan, Ignacio de la Llave y Boca del R\u00edo. La intenci\u00f3n es que, la ciudadan\u00eda m\u00e1s vulnerable obtenga [&hellip;]<\/p>\n","protected":false},"author":1,"featured_media":24881,"comment_status":"open","ping_status":"open","sticky":false,"template":"","format":"standard","meta":{"_jetpack_memberships_contains_paid_content":false,"footnotes":""},"categories":[2],"tags":[],"class_list":["post-24880","post","type-post","status-publish","format-standard","has-post-thumbnail","hentry","category-estado"],"jetpack_featured_media_url":"https:\/\/encuentroinformativo.com.mx\/wp-content\/uploads\/2022\/03\/DE41B5D4-9FD2-43BF-A597-1718CA25A33F.jpeg","jetpack_sharing_enabled":true,"jetpack_likes_enabled":true,"amp_enabled":true,"_links":{"self":[{"href":"https:\/\/encuentroinformativo.com.mx\/index.php?rest_route=\/wp\/v2\/posts\/24880","targetHints":{"allow":["GET"]}}],"collection":[{"href":"https:\/\/encuentroinformativo.com.mx\/index.php?rest_route=\/wp\/v2\/posts"}],"about":[{"href":"https:\/\/encuentroinformativo.com.mx\/index.php?rest_route=\/wp\/v2\/types\/post"}],"author":[{"embeddable":true,"href":"https:\/\/encuentroinformativo.com.mx\/index.php?rest_route=\/wp\/v2\/users\/1"}],"replies":[{"embeddable":true,"href":"https:\/\/encuentroinformativo.com.mx\/index.php?rest_route=%2Fwp%2Fv2%2Fcomments&post=24880"}],"version-history":[{"count":1,"href":"https:\/\/encuentroinformativo.com.mx\/index.php?rest_route=\/wp\/v2\/posts\/24880\/revisions"}],"predecessor-version":[{"id":24882,"href":"https:\/\/encuentroinformativo.com.mx\/index.php?rest_route=\/wp\/v2\/posts\/24880\/revisions\/24882"}],"wp:featuredmedia":[{"embeddable":true,"href":"https:\/\/encuentroinformativo.com.mx\/index.php?rest_route=\/wp\/v2\/media\/24881"}],"wp:attachment":[{"href":"https:\/\/encuentroinformativo.com.mx\/index.php?rest_route=%2Fwp%2Fv2%2Fmedia&parent=24880"}],"wp:term":[{"taxonomy":"category","embeddable":true,"href":"https:\/\/encuentroinformativo.com.mx\/index.php?rest_route=%2Fwp%2Fv2%2Fcategories&post=24880"},{"taxonomy":"post_tag","embeddable":true,"href":"https:\/\/encuentroinformativo.com.mx\/index.php?rest_route=%2Fwp%2Fv2%2Ftags&post=24880"}],"curies":[{"name":"wp","href":"https:\/\/api.w.org\/{rel}","templated":true}]}}