{"id":24883,"date":"2022-03-19T11:13:23","date_gmt":"2022-03-19T17:13:23","guid":{"rendered":"https:\/\/encuentroinformativo.com.mx\/?p=24883"},"modified":"2022-03-19T11:13:36","modified_gmt":"2022-03-19T17:13:36","slug":"solicitan-hoteleros-mayor-apoyo-de-la-federacion","status":"publish","type":"post","link":"https:\/\/encuentroinformativo.com.mx\/?p=24883","title":{"rendered":"Solicitan hoteleros mayor apoyo de la federaci\u00f3n"},"content":{"rendered":"\n<p><strong>Alejandro \u00c1vila<\/strong><\/p>\n\n\n\n<p>Veracruz, Ver.- El Estado de Veracruz a sido olvidado por la Federaci\u00f3n en materia tur\u00edstica, acus\u00f3 la Asociaci\u00f3n de Hoteles y Moteles de la zona conurbada Veracruz &#8211; Boca del R\u00edo.<\/p>\n\n\n\n<p>En reuni\u00f3n sostenida con el Senador, Julen Rementer\u00eda del Puerto, se le puntualiz\u00f3 qu\u00e9 muchas situaciones se agravaron durante la pandemia; por lo que solicitan se cree un plan de reactivaci\u00f3n tur\u00edstica en la entidad veracruzana.<\/p>\n\n\n\n<p>Los prestadores de servicios tur\u00edsticos se\u00f1alaron que las altas tarifas de energ\u00eda el\u00e9ctrica han sido una de las principales quejas del sector, adem\u00e1s la inseguridad que se ha vivido durante los \u00faltimos tres a\u00f1os; por si fuera poco, acusaron a los entes de gobierno de dejar en el olvido a los empresarios del ramo tur\u00edstico.<\/p>\n\n\n\n<p>Rementer\u00eda del Puerto reconoci\u00f3 que, uno de los rubros m\u00e1s importantes para reactivar la econom\u00eda en cualquier ciudad, es precisamente la reactivaci\u00f3n tur\u00edstica, y Veracruz es un estado fundamental, por la historia que guarda.<\/p>\n\n\n\n<p>\u201cHay programas que tiene la Federaci\u00f3n, que apoya a Estados, y en los cuales Veracruz no esta incluido, y que no tendr\u00edan un costo para la Federaci\u00f3n. Lo que hay que buscar es que sea incluido Veracruz, para que puedan aprovecharse esa promoci\u00f3n que se hace desde la Secretaria de Turismo Federal, para muchas partes del pa\u00eds, y que se incluya tambi\u00e9n Veracruz\u201d, declar\u00f3 el legislador panista.<\/p>\n\n\n\n<p>Finalmente, Julen Rementer\u00eda record\u00f3 que, antes de la pandemia, Veracruz era el segundo destino m\u00e1s importante en recepci\u00f3n de turistas, pero que en los \u00faltimos a\u00f1os se ha dado prioridad a otros estados, dejando de lado a la entidad veracruzana.<\/p>\n","protected":false},"excerpt":{"rendered":"<p>Alejandro \u00c1vila Veracruz, Ver.- El Estado de Veracruz a sido olvidado por la Federaci\u00f3n en materia tur\u00edstica, acus\u00f3 la Asociaci\u00f3n de Hoteles y Moteles de la zona conurbada Veracruz &#8211; Boca del R\u00edo. En reuni\u00f3n sostenida con el Senador, Julen Rementer\u00eda del Puerto, se le puntualiz\u00f3 qu\u00e9 muchas situaciones se agravaron durante la pandemia; por [&hellip;]<\/p>\n","protected":false},"author":1,"featured_media":10712,"comment_status":"open","ping_status":"open","sticky":false,"template":"","format":"standard","meta":{"_jetpack_memberships_contains_paid_content":false,"footnotes":""},"categories":[2],"tags":[],"class_list":["post-24883","post","type-post","status-publish","format-standard","has-post-thumbnail","hentry","category-estado"],"jetpack_featured_media_url":"https:\/\/encuentroinformativo.com.mx\/wp-content\/uploads\/2021\/02\/30995C9D-62E5-475C-B44C-7CD4A2CB610C.jpeg","jetpack_sharing_enabled":true,"jetpack_likes_enabled":true,"amp_enabled":true,"_links":{"self":[{"href":"https:\/\/encuentroinformativo.com.mx\/index.php?rest_route=\/wp\/v2\/posts\/24883","targetHints":{"allow":["GET"]}}],"collection":[{"href":"https:\/\/encuentroinformativo.com.mx\/index.php?rest_route=\/wp\/v2\/posts"}],"about":[{"href":"https:\/\/encuentroinformativo.com.mx\/index.php?rest_route=\/wp\/v2\/types\/post"}],"author":[{"embeddable":true,"href":"https:\/\/encuentroinformativo.com.mx\/index.php?rest_route=\/wp\/v2\/users\/1"}],"replies":[{"embeddable":true,"href":"https:\/\/encuentroinformativo.com.mx\/index.php?rest_route=%2Fwp%2Fv2%2Fcomments&post=24883"}],"version-history":[{"count":1,"href":"https:\/\/encuentroinformativo.com.mx\/index.php?rest_route=\/wp\/v2\/posts\/24883\/revisions"}],"predecessor-version":[{"id":24884,"href":"https:\/\/encuentroinformativo.com.mx\/index.php?rest_route=\/wp\/v2\/posts\/24883\/revisions\/24884"}],"wp:featuredmedia":[{"embeddable":true,"href":"https:\/\/encuentroinformativo.com.mx\/index.php?rest_route=\/wp\/v2\/media\/10712"}],"wp:attachment":[{"href":"https:\/\/encuentroinformativo.com.mx\/index.php?rest_route=%2Fwp%2Fv2%2Fmedia&parent=24883"}],"wp:term":[{"taxonomy":"category","embeddable":true,"href":"https:\/\/encuentroinformativo.com.mx\/index.php?rest_route=%2Fwp%2Fv2%2Fcategories&post=24883"},{"taxonomy":"post_tag","embeddable":true,"href":"https:\/\/encuentroinformativo.com.mx\/index.php?rest_route=%2Fwp%2Fv2%2Ftags&post=24883"}],"curies":[{"name":"wp","href":"https:\/\/api.w.org\/{rel}","templated":true}]}}