{"id":24885,"date":"2022-03-19T12:04:24","date_gmt":"2022-03-19T18:04:24","guid":{"rendered":"https:\/\/encuentroinformativo.com.mx\/?p=24885"},"modified":"2022-03-19T12:04:27","modified_gmt":"2022-03-19T18:04:27","slug":"marchan-colectivos-por-calles-de-xalapa","status":"publish","type":"post","link":"https:\/\/encuentroinformativo.com.mx\/?p=24885","title":{"rendered":"Marchan Colectivos por calles de Xalapa"},"content":{"rendered":"\n<p><strong>Dar\u00edo Pale<\/strong> <\/p>\n\n\n\n<p>Xalapa, Ver.- Marchan por algunas de la principales calles del centro de Xalapa los integrantes del colectivo de Familiares Enlace Xalapa, ocho a\u00f1os de los hechos, recordaron a Antonio de Jes\u00fas Viveros Ladr\u00f3n de Guevara, Argenis Yosimar Pensado Barrera y Her\u00f3n Miranda Godos, desaparecidos los d\u00edas 14, 16 y 27 del mes de marzo.<\/p>\n\n\n\n<p>Entrevistada previo a la marcha la se\u00f1ora Victoria Delgadillo Romero, refiri\u00f3 algunos nombres de desaparecidos en marzo como Antonio de Jes\u00fas Viveros Guevara, Josimar Pensado Barrera y Her\u00f3n Miranda Godos y las autoridades no dan avances de las investigaciones.<\/p>\n\n\n\n<p>&#8220;La marcha es porque estamos en el mes de marzo y ellos est\u00e1n cumpliendo a\u00f1os de desaparecidos. Ellos desaparecen en el 2014&#8221;, se\u00f1al\u00f3.<\/p>\n\n\n\n<p>Dio a concomer que el 27 de marzo desapareci\u00f3 Her\u00f3n Miranda, el 14 de \u00a0marzo desapareci\u00f3 Ant\u00f3nio de Jes\u00fas Viveros, mientras que Josimar Pensado el 16 de marzo, todos en distintos lugares de Xalapa.<\/p>\n\n\n\n<p>Asever\u00f3 que la marcha tiene el objetivo de que el gobierno no olvide a los desaparecidos y de decirle a la sociedad que el colectivo sigue en su b\u00fasqueda, a pesar de que no hay avances por parte de las autoridades.<\/p>\n\n\n\n<p>\u201cA la autoridad se les olvida la fecha de desaparici\u00f3n de cada uno de ellos, se les olvida que hay desaparecidos y que no han dado resultados y avances\u201d, coment\u00f3.<br>Delgadillo Romero resalt\u00f3 que s\u00ed han localizado restos de personas en algunas fosas clandestinas como el predio de La Guapota, perteneciente al municipio de \u00darsulo Galv\u00e1n, as\u00ed como en la Barranca La Aurora, en el municipio de El Lencero, la Barranca de Cerro Gordo, entre otros.<\/p>\n\n\n\n<p>&#8220;Las familias seguimos en b\u00fasqueda. Que no se olviden las autoridades que hay desaparecidos, a ellos se les olvida la fecha de desaparici\u00f3n de cada uno de ellos y se les olvida que hay desaparecidos y que no han dado resultados ni avances&#8221;, se\u00f1al\u00f3.<\/p>\n\n\n\n<p>La marcha estuvo acompa\u00f1ada por las im\u00e1genes y carteles con las fotos de los tres j\u00f3venes que fueron vistos por \u00faltima vez hace ya 8 a\u00f1os.<\/p>\n\n\n\n<p>Abund\u00f3 que los Colectivos han realizado labores en el predio de La Guapota, municipio de \u00darsulo Galv\u00e1n y en la Barranca de la Aurora y en Cerro Gordo en Emiliano Zapata, en donde han obtenido resultados en las b\u00fasquedas.<\/p>\n\n\n\n<p>Finalmente se\u00f1al\u00f3 que, \u201cy s\u00ed hemos encontrado, s\u00ed hemos tenido resultados positivos, y nosotras las familias seguimos en b\u00fasqueda\u201d.<\/p>\n\n\n\n<figure class=\"wp-block-image size-large\"><img loading=\"lazy\" decoding=\"async\" width=\"1024\" height=\"768\" src=\"https:\/\/encuentroinformativo.com.mx\/wp-content\/uploads\/2022\/03\/B457E97F-F59B-4551-832E-7956917C0D08-1024x768.jpeg\" alt=\"\" class=\"wp-image-24887\" srcset=\"https:\/\/encuentroinformativo.com.mx\/wp-content\/uploads\/2022\/03\/B457E97F-F59B-4551-832E-7956917C0D08-1024x768.jpeg 1024w, https:\/\/encuentroinformativo.com.mx\/wp-content\/uploads\/2022\/03\/B457E97F-F59B-4551-832E-7956917C0D08-300x225.jpeg 300w, https:\/\/encuentroinformativo.com.mx\/wp-content\/uploads\/2022\/03\/B457E97F-F59B-4551-832E-7956917C0D08-768x576.jpeg 768w, https:\/\/encuentroinformativo.com.mx\/wp-content\/uploads\/2022\/03\/B457E97F-F59B-4551-832E-7956917C0D08-1536x1152.jpeg 1536w, https:\/\/encuentroinformativo.com.mx\/wp-content\/uploads\/2022\/03\/B457E97F-F59B-4551-832E-7956917C0D08.jpeg 1600w\" sizes=\"auto, (max-width: 1024px) 100vw, 1024px\" \/><\/figure>\n","protected":false},"excerpt":{"rendered":"<p>Dar\u00edo Pale Xalapa, Ver.- Marchan por algunas de la principales calles del centro de Xalapa los integrantes del colectivo de Familiares Enlace Xalapa, ocho a\u00f1os de los hechos, recordaron a Antonio de Jes\u00fas Viveros Ladr\u00f3n de Guevara, Argenis Yosimar Pensado Barrera y Her\u00f3n Miranda Godos, desaparecidos los d\u00edas 14, 16 y 27 del mes de [&hellip;]<\/p>\n","protected":false},"author":1,"featured_media":24886,"comment_status":"open","ping_status":"open","sticky":false,"template":"","format":"standard","meta":{"_jetpack_memberships_contains_paid_content":false,"footnotes":""},"categories":[3],"tags":[],"class_list":["post-24885","post","type-post","status-publish","format-standard","has-post-thumbnail","hentry","category-xalapa"],"jetpack_featured_media_url":"https:\/\/encuentroinformativo.com.mx\/wp-content\/uploads\/2022\/03\/A26317D1-6C93-47F4-A12D-8AF543370A31.jpeg","jetpack_sharing_enabled":true,"jetpack_likes_enabled":true,"amp_enabled":true,"_links":{"self":[{"href":"https:\/\/encuentroinformativo.com.mx\/index.php?rest_route=\/wp\/v2\/posts\/24885","targetHints":{"allow":["GET"]}}],"collection":[{"href":"https:\/\/encuentroinformativo.com.mx\/index.php?rest_route=\/wp\/v2\/posts"}],"about":[{"href":"https:\/\/encuentroinformativo.com.mx\/index.php?rest_route=\/wp\/v2\/types\/post"}],"author":[{"embeddable":true,"href":"https:\/\/encuentroinformativo.com.mx\/index.php?rest_route=\/wp\/v2\/users\/1"}],"replies":[{"embeddable":true,"href":"https:\/\/encuentroinformativo.com.mx\/index.php?rest_route=%2Fwp%2Fv2%2Fcomments&post=24885"}],"version-history":[{"count":1,"href":"https:\/\/encuentroinformativo.com.mx\/index.php?rest_route=\/wp\/v2\/posts\/24885\/revisions"}],"predecessor-version":[{"id":24888,"href":"https:\/\/encuentroinformativo.com.mx\/index.php?rest_route=\/wp\/v2\/posts\/24885\/revisions\/24888"}],"wp:featuredmedia":[{"embeddable":true,"href":"https:\/\/encuentroinformativo.com.mx\/index.php?rest_route=\/wp\/v2\/media\/24886"}],"wp:attachment":[{"href":"https:\/\/encuentroinformativo.com.mx\/index.php?rest_route=%2Fwp%2Fv2%2Fmedia&parent=24885"}],"wp:term":[{"taxonomy":"category","embeddable":true,"href":"https:\/\/encuentroinformativo.com.mx\/index.php?rest_route=%2Fwp%2Fv2%2Fcategories&post=24885"},{"taxonomy":"post_tag","embeddable":true,"href":"https:\/\/encuentroinformativo.com.mx\/index.php?rest_route=%2Fwp%2Fv2%2Ftags&post=24885"}],"curies":[{"name":"wp","href":"https:\/\/api.w.org\/{rel}","templated":true}]}}