{"id":24893,"date":"2022-03-19T15:37:00","date_gmt":"2022-03-19T21:37:00","guid":{"rendered":"https:\/\/encuentroinformativo.com.mx\/?p=24893"},"modified":"2022-03-20T00:40:23","modified_gmt":"2022-03-20T06:40:23","slug":"la-iniciativa-de-tiendas-de-raya","status":"publish","type":"post","link":"https:\/\/encuentroinformativo.com.mx\/?p=24893","title":{"rendered":"La iniciativa de Tiendas de Raya"},"content":{"rendered":"\n<p><strong>N\u00fameros Rojos<\/strong><\/p>\n\n\n\n<p><strong>Brenda Caballero<\/strong><\/p>\n\n\n\n<p>Mira el dep\u00f3sito de su n\u00f3mina y no entiende el porqu\u00e9 le llega m\u00e1s dinero. Lo siguiente es preguntar: \u00bfsaben si depositaron algo extra? En el mundo God\u00ednez pensar en m\u00e1s dinero en la quincena es como cuando el Cruz Azul pasa a una final de f\u00fatbol. \u00bfTe depositaron m\u00e1s? Le preguntan los all\u00ed presentes con la esperanza de que la misma \u201csuerte\u201d se refleje en sus cuentas bancarias, y al mismo tiempo ya abren sus cuentas de n\u00f3mina en su aplicaci\u00f3n m\u00f3vil.<\/p>\n\n\n\n<p>La cruzazuleada llega cuando \u201cel suertudo\u201d se da cuenta que ante un descuento por retardo, no le cobraron el pr\u00e9stamo quincenal que pidi\u00f3 a la financiera, ya que legalmente no pueden descontarle m\u00e1s del salario m\u00ednimo quincenal. Para ese momento, los otros compa\u00f1eros ya revisaron su aplicaci\u00f3n y no hubo aumento, extra ni nada. \u00a1Fue una cruzazuleada!<\/p>\n\n\n\n<p>Perdonen los aficionados del Cruz Azul, no es nada personal, el ejemplo anterior es para sentir en carne propia lo que representa un descont\u00f3n por pr\u00e9stamo personal a un empleado que gana poco m\u00e1s del salario m\u00ednimo mensual.<\/p>\n\n\n\n<p>Luego entonces, imagine el sentir de la clase trabajadora ante la aprobaci\u00f3n del pasado jueves en la C\u00e1mara de Diputados donde las entidades financieras puedan cobrarse directamente de sus salarios, las deudas contra\u00eddas por estos empleados; es decir, lo que com\u00fanmente conocemos como \u201cse cobr\u00f3 a lo chino\u201d; aclaro: tampoco es nada personal contra los chinos.<\/p>\n\n\n\n<p>La reforma fue impulsada por el senador y l\u00edder sindical Pedro Haces y en resumen implica la existencia de una figura denominada \u201ccobranza delegada\u201d donde las empresas pueden retirar la parte correspondiente al pr\u00e9stamo y transferirlo a la entidad financiera&nbsp; incluso antes del dep\u00f3sito del salario en la cuenta del trabajador o trabajadora.<\/p>\n\n\n\n<p>La iniciativa ha sido tan criticada que hasta la han comparado con las tiendas de raya de la \u00e9poca de Porfirio D\u00edaz, donde los trabajadores adquir\u00edan art\u00edculos a cr\u00e9dito y los patrones se cobraban de sus sueldos.<\/p>\n\n\n\n<p>Pero d\u00e9jeme decirle que actualmente ya algunas financieras hacen el cobro de los pr\u00e9stamos que realizan a los trabajadores a trav\u00e9s de sus cuentas de n\u00f3mina, \u00a1incluso ya viene reflejado all\u00ed el descuento quincenal en el tal\u00f3n de pago! All\u00ed hay que estar muy atentos porque llega a suceder que el descuento del pr\u00e9stamo se lo hacen al empleado de su n\u00f3mina, pero el patr\u00f3n no lo paga a la instituci\u00f3n que le hace el pr\u00e9stamo, lo que origina que el trabajador se endeude m\u00e1s porque no fue liquidado el importe parcial del pago retenido, caus\u00e1ndole inter\u00e9s moratorio y recargos por no efectuar el respectivo pago.<\/p>\n\n\n\n<p>\u00a1Ojo! Despu\u00e9s del rechazo del Presidente Andr\u00e9s Manuel L\u00f3pez Obrador en la Ma\u00f1anera del viernes respecto a dicha iniciativa donde dijo que \u201cNo estoy de acuerdo con esa reforma, no creo que deba embargarse el salario de los trabajadores bajo ninguna circunstancia. El salario es sagrado, es lo que permite el sustento de las familias, y no se puede utilizar la n\u00f3mina, apropiarse de la n\u00f3mina del trabajador. Ning\u00fan banco debe de hacerlo, ninguna instituci\u00f3n financiera\u201d, anunci\u00f3 que de aprobarse, pedir\u00eda el veto inmediato.<\/p>\n\n\n\n<p>D\u00e9jeme decirle que la clase trabajadora debe estar tranquila. Estamos en \u00e9poca de revocaci\u00f3n de mandato, en \u00e9poca electoral para algunos estados, en la cual pareciera que Don Pedro Haces fue el encendedor de la llama que provoc\u00f3 el incendio y donde el Presidente acudir\u00e1 con una pipa de agua a apagarlo. \u00a1Se aplicar\u00e1 el veto!<\/p>\n\n\n\n<p>Twiter: @NumerosRojos_BC<\/p>\n\n\n\n<p><a href=\"mailto:caballero_brenda@hotmail.com\" target=\"_blank\" rel=\"noreferrer noopener\">caballero_brenda@hotmail.com<\/a><\/p>\n","protected":false},"excerpt":{"rendered":"<p>N\u00fameros Rojos Brenda Caballero Mira el dep\u00f3sito de su n\u00f3mina y no entiende el porqu\u00e9 le llega m\u00e1s dinero. Lo siguiente es preguntar: \u00bfsaben si depositaron algo extra? En el mundo God\u00ednez pensar en m\u00e1s dinero en la quincena es como cuando el Cruz Azul pasa a una final de f\u00fatbol. \u00bfTe depositaron m\u00e1s? Le [&hellip;]<\/p>\n","protected":false},"author":1,"featured_media":387,"comment_status":"open","ping_status":"open","sticky":false,"template":"","format":"standard","meta":{"_jetpack_memberships_contains_paid_content":false,"footnotes":""},"categories":[11],"tags":[],"class_list":["post-24893","post","type-post","status-publish","format-standard","has-post-thumbnail","hentry","category-opinion"],"jetpack_featured_media_url":"https:\/\/encuentroinformativo.com.mx\/wp-content\/uploads\/2020\/03\/7CF8A22B-2764-47BE-8F7F-38FE9E5D6A2F.jpeg","jetpack_sharing_enabled":true,"jetpack_likes_enabled":true,"amp_enabled":true,"_links":{"self":[{"href":"https:\/\/encuentroinformativo.com.mx\/index.php?rest_route=\/wp\/v2\/posts\/24893","targetHints":{"allow":["GET"]}}],"collection":[{"href":"https:\/\/encuentroinformativo.com.mx\/index.php?rest_route=\/wp\/v2\/posts"}],"about":[{"href":"https:\/\/encuentroinformativo.com.mx\/index.php?rest_route=\/wp\/v2\/types\/post"}],"author":[{"embeddable":true,"href":"https:\/\/encuentroinformativo.com.mx\/index.php?rest_route=\/wp\/v2\/users\/1"}],"replies":[{"embeddable":true,"href":"https:\/\/encuentroinformativo.com.mx\/index.php?rest_route=%2Fwp%2Fv2%2Fcomments&post=24893"}],"version-history":[{"count":1,"href":"https:\/\/encuentroinformativo.com.mx\/index.php?rest_route=\/wp\/v2\/posts\/24893\/revisions"}],"predecessor-version":[{"id":24894,"href":"https:\/\/encuentroinformativo.com.mx\/index.php?rest_route=\/wp\/v2\/posts\/24893\/revisions\/24894"}],"wp:featuredmedia":[{"embeddable":true,"href":"https:\/\/encuentroinformativo.com.mx\/index.php?rest_route=\/wp\/v2\/media\/387"}],"wp:attachment":[{"href":"https:\/\/encuentroinformativo.com.mx\/index.php?rest_route=%2Fwp%2Fv2%2Fmedia&parent=24893"}],"wp:term":[{"taxonomy":"category","embeddable":true,"href":"https:\/\/encuentroinformativo.com.mx\/index.php?rest_route=%2Fwp%2Fv2%2Fcategories&post=24893"},{"taxonomy":"post_tag","embeddable":true,"href":"https:\/\/encuentroinformativo.com.mx\/index.php?rest_route=%2Fwp%2Fv2%2Ftags&post=24893"}],"curies":[{"name":"wp","href":"https:\/\/api.w.org\/{rel}","templated":true}]}}