{"id":24906,"date":"2022-03-21T10:48:48","date_gmt":"2022-03-21T16:48:48","guid":{"rendered":"https:\/\/encuentroinformativo.com.mx\/?p=24906"},"modified":"2022-03-21T10:48:51","modified_gmt":"2022-03-21T16:48:51","slug":"scherer","status":"publish","type":"post","link":"https:\/\/encuentroinformativo.com.mx\/?p=24906","title":{"rendered":"Scherer"},"content":{"rendered":"\n<p><strong>Los Pol\u00edticos<\/strong><\/p>\n\n\n\n<p><strong>Salvador Mu\u00f1oz<\/strong><\/p>\n\n\n\n<p>\u00bfQu\u00e9 tanto le cree el lector a la confabulaci\u00f3n que <a href=\"https:\/\/www.proceso.com.mx\/reportajes\/2022\/3\/19\/scherer-acusa-trama-perversa-de-gertz-sanchez-cordero-282810.html\" target=\"_blank\" rel=\"noreferrer noopener\">Julio Scherer Ibarra<\/a> cuenta que se cierne sobre \u00e9l por parte de Olga S\u00e1nchez Cordero y Alejandro Gertz Manero?<\/p>\n\n\n\n<p>En lo particular, me parece incre\u00edble, pero en el mero sentido de estupefacci\u00f3n, de sorpresa, de consternaci\u00f3n.<\/p>\n\n\n\n<p>\u00bfPor qu\u00e9? Por venir a enterarnos de las bajezas de las que, seg\u00fan Scherer Ibarra, son capaces de hacer el Fiscal y la senadora\u2026 que conste: de Gertz Manero, un hombre que a todas luces emplea su poder en beneficio de asuntos personales y familiares, ya no sorprende\u2026 pero en una abuelita de la que s\u00f3lo cre\u00edamos capaz de rendir pleites\u00eda a L\u00f3pez Obrador fuera con ojos abiertos y cerrados, que hoy resulta que es la personificaci\u00f3n misma de la serpiente en el Ed\u00e9n moreno \u00a1y el Presidente la tuvo en su para\u00edso! A lo mejor por eso la cambi\u00f3 por un Ad\u00e1n.<\/p>\n\n\n\n<p>Ahora, si volviera a hacerme la pregunta: \u00bfLe creo a Julio Scherer? En una de \u00e9sas le podr\u00eda decir que s\u00ed, que s\u00ed le creo pero si fuera Julio Scherer Garc\u00eda, el padre del ex Consejero Jur\u00eddico de la Presidencia.<\/p>\n\n\n\n<p>Aunque siendo sinceros, tampoco goza de mucha credibilidad en estos momentos el Fiscal Gertz Manero, y la poca que ten\u00eda Olga S\u00e1nchez Cordero, porque en esto, hay que tener aunque sea poca (credibilidad y madre), como que se le va diluyendo en lo que publica Julio Scherer Ibarra en Proceso de esta semana.<\/p>\n\n\n\n<p>\u00bfQu\u00e9 tanto pueden afectar los se\u00f1alamientos de Scherer Ibarra a Gertz Manero y a Olga S\u00e1nchez Cordero? \u00a1Nada! Y eso lo sabemos si nos atenemos a lo que el mismo Presidente L\u00f3pez Obrador le dijo a su entonces Consejero Jur\u00eddico cuando \u00e9ste lo enter\u00f3 de que la hoy Senadora filtr\u00f3 un documento donde a \u00e9l lo involucraron con despachos como el de Rivera Gaxiola, Kalloi, Fern\u00e1ndez, Del Castillo, Quevedo, Lagos y Machuca, as\u00ed como el bufete Araujo, Gonz\u00e1lez, Peimbert, Robledo y Carranc\u00e1 Abogados, con los que, aprovechando su puesto en el Gobierno, hac\u00eda \u201cnegocios\u201d&#8230; que eran \u201cpuros chismes\u201d.<\/p>\n\n\n\n<p>Ahora, \u00bfqu\u00e9 tanto afecta al Gobierno de AMLO los se\u00f1alamientos de Scherer Ibarra contra Gertz y Olga? Supongo que tambi\u00e9n lo que al Viento a Ju\u00e1rez (felicidades, por cierto!): \u00a1Nada! \u00bfPor qu\u00e9? Porque hasta en eso, el hijo del fundador de la revista Proceso fue muy cuidadoso de no \u201cmanchar\u201d en lo absoluto la imagen del Presidente: los malos elementos son Gertz Manero y Olga S\u00e1nchez Cordero\u2026 \u00a1el jefecito no!<\/p>\n\n\n\n<p>Lo que s\u00ed deja al descubierto Scherer Ibarra es una constante en la Cuarta Transformaci\u00f3n\u2026 Mientras que la oposici\u00f3n, sea en el Senado o en la C\u00e1mara de Diputados, mantiene ese papel de bufones generando la risa del espectador y el desaguisado del poderoso, los minipoderes bajo la sombra de L\u00f3pez Obrador se golpean, se muerden, se atacan\u2026 qui\u00e9n sabe si esos embates internos, guerras intestinales sean suficientes para autodestruirse\u2026 hay elecciones venideras y ser\u00e1n un buen term\u00f3metro de c\u00f3mo est\u00e1 realmente la Cuarta Transformaci\u00f3n en el \u00e1nimo del ciudadano, qu\u00e9 tanto mella en Morena sus pugnas fratricidas, o qu\u00e9 tanta inercia mantiene AMLO del 2022 a 24\u2026 Usted le cree a Scherer Ibarra, yo no\u2026 quiz\u00e1s si hubiera sido Scherer Garc\u00eda otro gallo cantar\u00eda\u2026<\/p>\n\n\n\n<p><a href=\"mailto:smcainito@gmail.com\" target=\"_blank\" rel=\"noreferrer noopener\">smcainito@gmail.com<\/a><\/p>\n","protected":false},"excerpt":{"rendered":"<p>Los Pol\u00edticos Salvador Mu\u00f1oz \u00bfQu\u00e9 tanto le cree el lector a la confabulaci\u00f3n que Julio Scherer Ibarra cuenta que se cierne sobre \u00e9l por parte de Olga S\u00e1nchez Cordero y Alejandro Gertz Manero? En lo particular, me parece incre\u00edble, pero en el mero sentido de estupefacci\u00f3n, de sorpresa, de consternaci\u00f3n. \u00bfPor qu\u00e9? Por venir a [&hellip;]<\/p>\n","protected":false},"author":1,"featured_media":387,"comment_status":"open","ping_status":"open","sticky":false,"template":"","format":"standard","meta":{"_jetpack_memberships_contains_paid_content":false,"footnotes":""},"categories":[11],"tags":[],"class_list":["post-24906","post","type-post","status-publish","format-standard","has-post-thumbnail","hentry","category-opinion"],"jetpack_featured_media_url":"https:\/\/encuentroinformativo.com.mx\/wp-content\/uploads\/2020\/03\/7CF8A22B-2764-47BE-8F7F-38FE9E5D6A2F.jpeg","jetpack_sharing_enabled":true,"jetpack_likes_enabled":true,"amp_enabled":true,"_links":{"self":[{"href":"https:\/\/encuentroinformativo.com.mx\/index.php?rest_route=\/wp\/v2\/posts\/24906","targetHints":{"allow":["GET"]}}],"collection":[{"href":"https:\/\/encuentroinformativo.com.mx\/index.php?rest_route=\/wp\/v2\/posts"}],"about":[{"href":"https:\/\/encuentroinformativo.com.mx\/index.php?rest_route=\/wp\/v2\/types\/post"}],"author":[{"embeddable":true,"href":"https:\/\/encuentroinformativo.com.mx\/index.php?rest_route=\/wp\/v2\/users\/1"}],"replies":[{"embeddable":true,"href":"https:\/\/encuentroinformativo.com.mx\/index.php?rest_route=%2Fwp%2Fv2%2Fcomments&post=24906"}],"version-history":[{"count":1,"href":"https:\/\/encuentroinformativo.com.mx\/index.php?rest_route=\/wp\/v2\/posts\/24906\/revisions"}],"predecessor-version":[{"id":24907,"href":"https:\/\/encuentroinformativo.com.mx\/index.php?rest_route=\/wp\/v2\/posts\/24906\/revisions\/24907"}],"wp:featuredmedia":[{"embeddable":true,"href":"https:\/\/encuentroinformativo.com.mx\/index.php?rest_route=\/wp\/v2\/media\/387"}],"wp:attachment":[{"href":"https:\/\/encuentroinformativo.com.mx\/index.php?rest_route=%2Fwp%2Fv2%2Fmedia&parent=24906"}],"wp:term":[{"taxonomy":"category","embeddable":true,"href":"https:\/\/encuentroinformativo.com.mx\/index.php?rest_route=%2Fwp%2Fv2%2Fcategories&post=24906"},{"taxonomy":"post_tag","embeddable":true,"href":"https:\/\/encuentroinformativo.com.mx\/index.php?rest_route=%2Fwp%2Fv2%2Ftags&post=24906"}],"curies":[{"name":"wp","href":"https:\/\/api.w.org\/{rel}","templated":true}]}}