{"id":2491,"date":"2020-05-12T15:41:58","date_gmt":"2020-05-12T20:41:58","guid":{"rendered":"https:\/\/encuentroinformativo.com\/?p=2491"},"modified":"2020-05-12T15:42:01","modified_gmt":"2020-05-12T20:42:01","slug":"por-disputa-de-terreno-piden-intervencion-de-la-fge","status":"publish","type":"post","link":"https:\/\/encuentroinformativo.com.mx\/?p=2491","title":{"rendered":"Por disputa de terreno, piden intervenci\u00f3n de la FGE"},"content":{"rendered":"\n<p><strong>Dar\u00edo Pale <\/strong><\/p>\n\n\n\n<p>Xalapa, Ver.- Carlos Ambrosio Y\u00e1\u00f1ez Guerrero, asesor de la asociaci\u00f3n civil Organizaci\u00f3n Social de Gesti\u00f3n de Vivienda y Servicio exigi\u00f3 el levantamiento inmediato de las vallas colocadas en el terreno de la calle N\u00edspero, de la colonia Ferrocarrilera, tras sostener que, seg\u00fan ellos, se instalaron de manera ilegal.<\/p>\n\n\n\n<p>En conferencia de prensa realizada en conocido caf\u00e9 del centro de Xalapa, se\u00f1al\u00f3 que las personas que cercaron el inmueble adem\u00e1s bloquean el acceso a quienes necesitan acudir a la Unidad de Medicina Familiar n\u00famero 67 del IMSS, ubicada en la misma calle, por lo que pide a la Fiscal\u00eda General del Estado (FGE) investigar y proceder en contra de quienes resulten responsables.<\/p>\n\n\n\n<p>Tambi\u00e9n temen que haya ductos de Pemex y que la delincuencia aumente a causa del cercado.<\/p>\n\n\n\n<p>Por su parte, Francisco Carmona, integrante de la asociaci\u00f3n, dijo que por a\u00f1os han gestionado la regularizaci\u00f3n de las colonias ferrocarrileras en esta ciudad, ante el Gobierno del Estado, el ayuntamiento y el gobierno federal, a trav\u00e9s del Instituto Nacional del Suelo Sustentable, antes Corett, sectorizado a Sedatu.<\/p>\n\n\n\n<p><\/p>\n","protected":false},"excerpt":{"rendered":"<p>Dar\u00edo Pale Xalapa, Ver.- Carlos Ambrosio Y\u00e1\u00f1ez Guerrero, asesor de la asociaci\u00f3n civil Organizaci\u00f3n Social de Gesti\u00f3n de Vivienda y Servicio exigi\u00f3 el levantamiento inmediato de las vallas colocadas en el terreno de la calle N\u00edspero, de la colonia Ferrocarrilera, tras sostener que, seg\u00fan ellos, se instalaron de manera ilegal. En conferencia de prensa realizada [&hellip;]<\/p>\n","protected":false},"author":1,"featured_media":2492,"comment_status":"open","ping_status":"open","sticky":false,"template":"","format":"standard","meta":{"_jetpack_memberships_contains_paid_content":false,"footnotes":""},"categories":[3],"tags":[],"class_list":["post-2491","post","type-post","status-publish","format-standard","has-post-thumbnail","hentry","category-xalapa"],"jetpack_featured_media_url":"https:\/\/encuentroinformativo.com.mx\/wp-content\/uploads\/2020\/05\/D657A554-A1F0-4C44-93C5-CE9E7D439EB9.jpeg","jetpack_sharing_enabled":true,"jetpack_likes_enabled":true,"amp_enabled":true,"_links":{"self":[{"href":"https:\/\/encuentroinformativo.com.mx\/index.php?rest_route=\/wp\/v2\/posts\/2491","targetHints":{"allow":["GET"]}}],"collection":[{"href":"https:\/\/encuentroinformativo.com.mx\/index.php?rest_route=\/wp\/v2\/posts"}],"about":[{"href":"https:\/\/encuentroinformativo.com.mx\/index.php?rest_route=\/wp\/v2\/types\/post"}],"author":[{"embeddable":true,"href":"https:\/\/encuentroinformativo.com.mx\/index.php?rest_route=\/wp\/v2\/users\/1"}],"replies":[{"embeddable":true,"href":"https:\/\/encuentroinformativo.com.mx\/index.php?rest_route=%2Fwp%2Fv2%2Fcomments&post=2491"}],"version-history":[{"count":1,"href":"https:\/\/encuentroinformativo.com.mx\/index.php?rest_route=\/wp\/v2\/posts\/2491\/revisions"}],"predecessor-version":[{"id":2493,"href":"https:\/\/encuentroinformativo.com.mx\/index.php?rest_route=\/wp\/v2\/posts\/2491\/revisions\/2493"}],"wp:featuredmedia":[{"embeddable":true,"href":"https:\/\/encuentroinformativo.com.mx\/index.php?rest_route=\/wp\/v2\/media\/2492"}],"wp:attachment":[{"href":"https:\/\/encuentroinformativo.com.mx\/index.php?rest_route=%2Fwp%2Fv2%2Fmedia&parent=2491"}],"wp:term":[{"taxonomy":"category","embeddable":true,"href":"https:\/\/encuentroinformativo.com.mx\/index.php?rest_route=%2Fwp%2Fv2%2Fcategories&post=2491"},{"taxonomy":"post_tag","embeddable":true,"href":"https:\/\/encuentroinformativo.com.mx\/index.php?rest_route=%2Fwp%2Fv2%2Ftags&post=2491"}],"curies":[{"name":"wp","href":"https:\/\/api.w.org\/{rel}","templated":true}]}}