{"id":24923,"date":"2022-03-21T18:04:23","date_gmt":"2022-03-22T00:04:23","guid":{"rendered":"https:\/\/encuentroinformativo.com.mx\/?p=24923"},"modified":"2022-03-21T18:08:49","modified_gmt":"2022-03-22T00:08:49","slug":"encabeza-alcalde-unanue-ceremonia-conmemorativa-por-el-216-aniversario-del-natalicio-de-benito-juarez","status":"publish","type":"post","link":"https:\/\/encuentroinformativo.com.mx\/?p=24923","title":{"rendered":"Encabeza Alcalde Un\u00e1nue ceremonia conmemorativa por el 216 aniversario del natalicio de Benito Ju\u00e1rez"},"content":{"rendered":"\n<p><strong>*<em>Acompa\u00f1ado por autoridades navales y militares coloca ofrenda floral y hace guardia de honor en la Plaza C\u00edvica de Boca del R\u00edo<\/em>.<\/strong><\/p>\n\n\n\n<p><strong>*Resalt\u00f3 que Benito Ju\u00e1rez leg\u00f3 los pilares pol\u00edticos del M\u00e9xico actual: la institucionalidad, legalidad, libertades fundamentales, la divisi\u00f3n de poderes y el federalismo.<\/strong><\/p>\n\n\n\n<p>Boca del R\u00edo, Ver.- El alcalde de Boca del R\u00edo, Juan Manuel Un\u00e1nue Abascal, acompa\u00f1ado por autoridades navales y militares, encabez\u00f3 la ceremonia conmemorativa por el 216 aniversario del natalicio del ex presidente de M\u00e9xico, Benito Ju\u00e1rez Garc\u00eda, colocando una ofrenda floral y haciendo guardia de honor en el monumento de la Plaza C\u00edvica que lleva su nombre.<\/p>\n\n\n\n<p>En su discurso, el Alcalde resalt\u00f3 que Benito Ju\u00e1rez leg\u00f3 los pilares pol\u00edticos del M\u00e9xico actual: la institucionalidad, legalidad, libertades fundamentales, la divisi\u00f3n de poderes y el federalismo.<\/p>\n\n\n\n<p>Dijo que al conmemorar su natalicio, tambi\u00e9n se conmemora el legado que se fundamenta en la defensa de la Ley y en la protecci\u00f3n de las instituciones.<\/p>\n\n\n\n<p>Expuso que Benito Ju\u00e1rez es un ejemplo de vida, ya que a pesar de todas las dificultades y precariedades que enfrent\u00f3 a lo largo de su vida, nunca dej\u00f3 de luchar, estudiar, prepararse y trabajar, hasta llegar a ser diputado, gobernador de Oaxaca, ministro de Gobernaci\u00f3n, presidente de la Suprema Corte de Justicia y Presidente de la Rep\u00fablica Mexicana.<\/p>\n\n\n\n<p>Ante estudiantes de la escuela primaria Benito Ju\u00e1rez Garc\u00eda, que lo acompa\u00f1aron en la ceremonia, el Alcalde Juan Manuel Un\u00e1nue destac\u00f3 que el Benem\u00e9rito de las Am\u00e9ricas pensaba que la educaci\u00f3n era el medio social m\u00e1s justo para ampliar las oportunidades de superaci\u00f3n de todos los mexicanos.<\/p>\n\n\n\n<p>\u201cAfirmaba que la instrucci\u00f3n es la primera base de la prosperidad de un pueblo y a la vez, el medio m\u00e1s seguro para hacer imposibles los abusos del poder\u201d, dijo.<\/p>\n\n\n\n<p>Afirm\u00f3 que justo as\u00ed se debe recordar y honrar su memoria. \u201cSeguiremos trabajando con mucho compromiso, para seguir avanzando por el camino del desarrollo y del crecimiento responsable, pero sin perder de vista que el objetivo de esta administraci\u00f3n es lograr que todo boque\u00f1o, no importando su origen, tenga acceso a las herramientas que le permitan construir el camino hacia sus sue\u00f1os\u201d.<\/p>\n\n\n\n<p>Al rendir homenaje al legado de Benito Ju\u00e1rez, Un\u00e1nue reafirm\u00f3 su compromiso como su alcalde, de no dejar de trabajar hasta lograr que toda persona, independientemente de donde viva o por donde transite disfrute de los beneficios de vivir en la mejor ciudad de Veracruz.<br><\/p>\n\n\n\n<figure class=\"wp-block-image size-large\"><img loading=\"lazy\" decoding=\"async\" width=\"1024\" height=\"682\" src=\"https:\/\/encuentroinformativo.com.mx\/wp-content\/uploads\/2022\/03\/1AD89709-5F42-4F88-9F99-C48FD812A2CD.jpeg\" alt=\"\" class=\"wp-image-24925\" srcset=\"https:\/\/encuentroinformativo.com.mx\/wp-content\/uploads\/2022\/03\/1AD89709-5F42-4F88-9F99-C48FD812A2CD.jpeg 1024w, https:\/\/encuentroinformativo.com.mx\/wp-content\/uploads\/2022\/03\/1AD89709-5F42-4F88-9F99-C48FD812A2CD-300x200.jpeg 300w, https:\/\/encuentroinformativo.com.mx\/wp-content\/uploads\/2022\/03\/1AD89709-5F42-4F88-9F99-C48FD812A2CD-768x512.jpeg 768w\" sizes=\"auto, (max-width: 1024px) 100vw, 1024px\" \/><\/figure>\n","protected":false},"excerpt":{"rendered":"<p>*Acompa\u00f1ado por autoridades navales y militares coloca ofrenda floral y hace guardia de honor en la Plaza C\u00edvica de Boca del R\u00edo. *Resalt\u00f3 que Benito Ju\u00e1rez leg\u00f3 los pilares pol\u00edticos del M\u00e9xico actual: la institucionalidad, legalidad, libertades fundamentales, la divisi\u00f3n de poderes y el federalismo. Boca del R\u00edo, Ver.- El alcalde de Boca del R\u00edo, [&hellip;]<\/p>\n","protected":false},"author":1,"featured_media":24924,"comment_status":"open","ping_status":"open","sticky":false,"template":"","format":"standard","meta":{"_jetpack_memberships_contains_paid_content":false,"footnotes":""},"categories":[2],"tags":[],"class_list":["post-24923","post","type-post","status-publish","format-standard","has-post-thumbnail","hentry","category-estado"],"jetpack_featured_media_url":"https:\/\/encuentroinformativo.com.mx\/wp-content\/uploads\/2022\/03\/B710AB8C-1408-46F4-BA71-BCE59F1DCA10.jpeg","jetpack_sharing_enabled":true,"jetpack_likes_enabled":true,"amp_enabled":true,"_links":{"self":[{"href":"https:\/\/encuentroinformativo.com.mx\/index.php?rest_route=\/wp\/v2\/posts\/24923","targetHints":{"allow":["GET"]}}],"collection":[{"href":"https:\/\/encuentroinformativo.com.mx\/index.php?rest_route=\/wp\/v2\/posts"}],"about":[{"href":"https:\/\/encuentroinformativo.com.mx\/index.php?rest_route=\/wp\/v2\/types\/post"}],"author":[{"embeddable":true,"href":"https:\/\/encuentroinformativo.com.mx\/index.php?rest_route=\/wp\/v2\/users\/1"}],"replies":[{"embeddable":true,"href":"https:\/\/encuentroinformativo.com.mx\/index.php?rest_route=%2Fwp%2Fv2%2Fcomments&post=24923"}],"version-history":[{"count":1,"href":"https:\/\/encuentroinformativo.com.mx\/index.php?rest_route=\/wp\/v2\/posts\/24923\/revisions"}],"predecessor-version":[{"id":24926,"href":"https:\/\/encuentroinformativo.com.mx\/index.php?rest_route=\/wp\/v2\/posts\/24923\/revisions\/24926"}],"wp:featuredmedia":[{"embeddable":true,"href":"https:\/\/encuentroinformativo.com.mx\/index.php?rest_route=\/wp\/v2\/media\/24924"}],"wp:attachment":[{"href":"https:\/\/encuentroinformativo.com.mx\/index.php?rest_route=%2Fwp%2Fv2%2Fmedia&parent=24923"}],"wp:term":[{"taxonomy":"category","embeddable":true,"href":"https:\/\/encuentroinformativo.com.mx\/index.php?rest_route=%2Fwp%2Fv2%2Fcategories&post=24923"},{"taxonomy":"post_tag","embeddable":true,"href":"https:\/\/encuentroinformativo.com.mx\/index.php?rest_route=%2Fwp%2Fv2%2Ftags&post=24923"}],"curies":[{"name":"wp","href":"https:\/\/api.w.org\/{rel}","templated":true}]}}