{"id":24930,"date":"2022-03-21T13:41:34","date_gmt":"2022-03-21T19:41:34","guid":{"rendered":"https:\/\/encuentroinformativo.com.mx\/?p=24930"},"modified":"2022-03-21T13:41:47","modified_gmt":"2022-03-21T19:41:47","slug":"tren-se-lleva-remolque-de-trailer-en-tamsa","status":"publish","type":"post","link":"https:\/\/encuentroinformativo.com.mx\/?p=24930","title":{"rendered":"Tren se lleva remolque de tr\u00e1iler en Tamsa"},"content":{"rendered":"\n<p><strong>Alejandro \u00c1vila<\/strong><\/p>\n\n\n\n<p>Veracruz, Ver.- Un tren de la l\u00ednea <em>Ferrosur<\/em> se llev\u00f3 el doble remolque de un tr\u00e1iler de la empresa de productos l\u00e1cteos Lala, en las v\u00edas del tren que se encuentran altura de la empresa Tenaris Tamsa.<\/p>\n\n\n\n<p>Los hechos ocurrieron alrededor de las 10:30 de la ma\u00f1ana, cuando el maquinista de nombre Hugo F.O, a bordo del tren 14524, impact\u00f3 el segundo vag\u00f3n del tr\u00e1iler que conduc\u00eda Enrique C.M. y con n\u00famero econ\u00f3mico 111880.<\/p>\n\n\n\n<p>El percance ha provocado un congestionamiento vial en ese punto, perteneciente a la localidad de Tejer\u00eda en el municipio de Veracruz; esa ruta es utilizada con frecuencia por camiones de carga qu\u00e9 ocupan la carretera libre rumbo a Xalapa y la Ciudad de M\u00e9xico, adem\u00e1s de los camiones urbanos que llevan a las localidades de Santa Fe, Santa Rita, Vargas, el Pando, Cabo Verde, entre otras.<\/p>\n\n\n\n<p>Testigos del accidente aseguraron que, una vez que colisionaron ambas unidades, decenas de personas se acercaron al lugar en busca de realizar rapi\u00f1a; sin embargo, tanto los vagones del tren, como el tr\u00e1iler de productos l\u00e1cteos, ven\u00edan totalmente vac\u00edos.<\/p>\n\n\n\n<p>Elementos de la Polic\u00eda Naval, Guardia Nacional y Transporte P\u00fablico, acudieron al sitio para realizar la indagatoria y deslindar responsabilidades, de la misma manera, se realizan las maniobras para despejar la vialidad.<\/p>\n\n\n\n<figure class=\"wp-block-image size-large\"><img loading=\"lazy\" decoding=\"async\" width=\"1024\" height=\"768\" src=\"https:\/\/encuentroinformativo.com.mx\/wp-content\/uploads\/2022\/03\/A8243D88-5C2E-415B-89E0-09B02F080D0A-1024x768.jpeg\" alt=\"\" class=\"wp-image-24932\" srcset=\"https:\/\/encuentroinformativo.com.mx\/wp-content\/uploads\/2022\/03\/A8243D88-5C2E-415B-89E0-09B02F080D0A-1024x768.jpeg 1024w, https:\/\/encuentroinformativo.com.mx\/wp-content\/uploads\/2022\/03\/A8243D88-5C2E-415B-89E0-09B02F080D0A-300x225.jpeg 300w, https:\/\/encuentroinformativo.com.mx\/wp-content\/uploads\/2022\/03\/A8243D88-5C2E-415B-89E0-09B02F080D0A-768x576.jpeg 768w, https:\/\/encuentroinformativo.com.mx\/wp-content\/uploads\/2022\/03\/A8243D88-5C2E-415B-89E0-09B02F080D0A-1536x1152.jpeg 1536w, https:\/\/encuentroinformativo.com.mx\/wp-content\/uploads\/2022\/03\/A8243D88-5C2E-415B-89E0-09B02F080D0A.jpeg 1600w\" sizes=\"auto, (max-width: 1024px) 100vw, 1024px\" \/><\/figure>\n","protected":false},"excerpt":{"rendered":"<p>Alejandro \u00c1vila Veracruz, Ver.- Un tren de la l\u00ednea Ferrosur se llev\u00f3 el doble remolque de un tr\u00e1iler de la empresa de productos l\u00e1cteos Lala, en las v\u00edas del tren que se encuentran altura de la empresa Tenaris Tamsa. Los hechos ocurrieron alrededor de las 10:30 de la ma\u00f1ana, cuando el maquinista de nombre Hugo [&hellip;]<\/p>\n","protected":false},"author":1,"featured_media":24931,"comment_status":"open","ping_status":"open","sticky":false,"template":"","format":"standard","meta":{"_jetpack_memberships_contains_paid_content":false,"footnotes":""},"categories":[2],"tags":[],"class_list":["post-24930","post","type-post","status-publish","format-standard","has-post-thumbnail","hentry","category-estado"],"jetpack_featured_media_url":"https:\/\/encuentroinformativo.com.mx\/wp-content\/uploads\/2022\/03\/07EE3E7D-729C-47D0-B37D-44347AB2AFF8.jpeg","jetpack_sharing_enabled":true,"jetpack_likes_enabled":true,"amp_enabled":true,"_links":{"self":[{"href":"https:\/\/encuentroinformativo.com.mx\/index.php?rest_route=\/wp\/v2\/posts\/24930","targetHints":{"allow":["GET"]}}],"collection":[{"href":"https:\/\/encuentroinformativo.com.mx\/index.php?rest_route=\/wp\/v2\/posts"}],"about":[{"href":"https:\/\/encuentroinformativo.com.mx\/index.php?rest_route=\/wp\/v2\/types\/post"}],"author":[{"embeddable":true,"href":"https:\/\/encuentroinformativo.com.mx\/index.php?rest_route=\/wp\/v2\/users\/1"}],"replies":[{"embeddable":true,"href":"https:\/\/encuentroinformativo.com.mx\/index.php?rest_route=%2Fwp%2Fv2%2Fcomments&post=24930"}],"version-history":[{"count":1,"href":"https:\/\/encuentroinformativo.com.mx\/index.php?rest_route=\/wp\/v2\/posts\/24930\/revisions"}],"predecessor-version":[{"id":24933,"href":"https:\/\/encuentroinformativo.com.mx\/index.php?rest_route=\/wp\/v2\/posts\/24930\/revisions\/24933"}],"wp:featuredmedia":[{"embeddable":true,"href":"https:\/\/encuentroinformativo.com.mx\/index.php?rest_route=\/wp\/v2\/media\/24931"}],"wp:attachment":[{"href":"https:\/\/encuentroinformativo.com.mx\/index.php?rest_route=%2Fwp%2Fv2%2Fmedia&parent=24930"}],"wp:term":[{"taxonomy":"category","embeddable":true,"href":"https:\/\/encuentroinformativo.com.mx\/index.php?rest_route=%2Fwp%2Fv2%2Fcategories&post=24930"},{"taxonomy":"post_tag","embeddable":true,"href":"https:\/\/encuentroinformativo.com.mx\/index.php?rest_route=%2Fwp%2Fv2%2Ftags&post=24930"}],"curies":[{"name":"wp","href":"https:\/\/api.w.org\/{rel}","templated":true}]}}