{"id":24934,"date":"2022-03-21T13:46:20","date_gmt":"2022-03-21T19:46:20","guid":{"rendered":"https:\/\/encuentroinformativo.com.mx\/?p=24934"},"modified":"2022-03-21T13:46:23","modified_gmt":"2022-03-21T19:46:23","slug":"contempla-ayuntamiento-porteno-refugio-para-mujeres","status":"publish","type":"post","link":"https:\/\/encuentroinformativo.com.mx\/?p=24934","title":{"rendered":"Contempla ayuntamiento porte\u00f1o Refugio para Mujeres"},"content":{"rendered":"\n<p><strong>Alejandro \u00c1vila<\/strong><\/p>\n\n\n\n<p>Veracruz, Ver.- La alcaldesa Patricia Lobeira Rodr\u00edguez confirm\u00f3 que, durante su administraci\u00f3n se tiene contemplada la creaci\u00f3n de un Refugio para Mujeres, mismo que a dar\u00e1 atenci\u00f3n a v\u00edctimas de violencia.<\/p>\n\n\n\n<p>La edil reconoci\u00f3 que, \u00e9sta fue una solicitud hecha durante los foros del Plan de Desarrollo Municipal, por lo que se espera durante los pr\u00f3ximos cuatro a\u00f1os se pueda concretar esta obra.<\/p>\n\n\n\n<p>&#8220;Lo queremos terminar este a\u00f1o, para que las mujeres que tengan una situaci\u00f3n de violencia puedan acudir a este albergue (\u2026) no ser\u00eda mayor de 20 mujeres, incluidos sus hijos, porque normalmente viene con familia, entonces tenemos una capacidad de 20 mujeres que pudieron acudir a este albergue, queremos tenerlo listo nosotros antes de concluir este a\u00f1o&#8221;, subray\u00f3 Lobeira Rodr\u00edguez.<\/p>\n\n\n\n<p>La alcaldesa mencion\u00f3 que, los recursos para llevar a cabo el Refugio de Mujeres ser\u00edan total y absolutamente municipales.<\/p>\n\n\n\n<p>Es de mencionar que este proyecto se hab\u00eda concretado durante la administraci\u00f3n pasada, con el ex alcalde Fernando Yunes M\u00e1rquez; sin embargo, la en ese entonces diputada local, ahora diputada federal, Mar\u00eda Josefina Gamboa Torales, public\u00f3 en agosto del 2018 en sus redes sociales, la ubicaci\u00f3n del Refugio, comprometiendo la seguridad de las mujeres, por lo que tuvo que ser clausurado y el proyecto se vino abajo.<\/p>\n\n\n\n<p>El municipio de Veracruz es uno de los 11 Ayuntamientos a los que le fue emitida la Alerta de Violencia de G\u00e9nero por la Secretar\u00eda de Gobernaci\u00f3n&nbsp; en noviembre del 2016; de concretar el Refugio para Mujeres, estar\u00eda cumpliendo uno de los requisitos solicitados por Gobierno Federal.<\/p>\n","protected":false},"excerpt":{"rendered":"<p>Alejandro \u00c1vila Veracruz, Ver.- La alcaldesa Patricia Lobeira Rodr\u00edguez confirm\u00f3 que, durante su administraci\u00f3n se tiene contemplada la creaci\u00f3n de un Refugio para Mujeres, mismo que a dar\u00e1 atenci\u00f3n a v\u00edctimas de violencia. La edil reconoci\u00f3 que, \u00e9sta fue una solicitud hecha durante los foros del Plan de Desarrollo Municipal, por lo que se espera [&hellip;]<\/p>\n","protected":false},"author":1,"featured_media":24935,"comment_status":"open","ping_status":"open","sticky":false,"template":"","format":"standard","meta":{"_jetpack_memberships_contains_paid_content":false,"footnotes":""},"categories":[2],"tags":[],"class_list":["post-24934","post","type-post","status-publish","format-standard","has-post-thumbnail","hentry","category-estado"],"jetpack_featured_media_url":"https:\/\/encuentroinformativo.com.mx\/wp-content\/uploads\/2022\/03\/173C3B58-D835-4EED-B4EC-AA7763938D17.jpeg","jetpack_sharing_enabled":true,"jetpack_likes_enabled":true,"amp_enabled":true,"_links":{"self":[{"href":"https:\/\/encuentroinformativo.com.mx\/index.php?rest_route=\/wp\/v2\/posts\/24934","targetHints":{"allow":["GET"]}}],"collection":[{"href":"https:\/\/encuentroinformativo.com.mx\/index.php?rest_route=\/wp\/v2\/posts"}],"about":[{"href":"https:\/\/encuentroinformativo.com.mx\/index.php?rest_route=\/wp\/v2\/types\/post"}],"author":[{"embeddable":true,"href":"https:\/\/encuentroinformativo.com.mx\/index.php?rest_route=\/wp\/v2\/users\/1"}],"replies":[{"embeddable":true,"href":"https:\/\/encuentroinformativo.com.mx\/index.php?rest_route=%2Fwp%2Fv2%2Fcomments&post=24934"}],"version-history":[{"count":1,"href":"https:\/\/encuentroinformativo.com.mx\/index.php?rest_route=\/wp\/v2\/posts\/24934\/revisions"}],"predecessor-version":[{"id":24936,"href":"https:\/\/encuentroinformativo.com.mx\/index.php?rest_route=\/wp\/v2\/posts\/24934\/revisions\/24936"}],"wp:featuredmedia":[{"embeddable":true,"href":"https:\/\/encuentroinformativo.com.mx\/index.php?rest_route=\/wp\/v2\/media\/24935"}],"wp:attachment":[{"href":"https:\/\/encuentroinformativo.com.mx\/index.php?rest_route=%2Fwp%2Fv2%2Fmedia&parent=24934"}],"wp:term":[{"taxonomy":"category","embeddable":true,"href":"https:\/\/encuentroinformativo.com.mx\/index.php?rest_route=%2Fwp%2Fv2%2Fcategories&post=24934"},{"taxonomy":"post_tag","embeddable":true,"href":"https:\/\/encuentroinformativo.com.mx\/index.php?rest_route=%2Fwp%2Fv2%2Ftags&post=24934"}],"curies":[{"name":"wp","href":"https:\/\/api.w.org\/{rel}","templated":true}]}}