{"id":24940,"date":"2022-03-21T15:38:08","date_gmt":"2022-03-21T21:38:08","guid":{"rendered":"https:\/\/encuentroinformativo.com.mx\/?p=24940"},"modified":"2022-03-21T15:38:12","modified_gmt":"2022-03-21T21:38:12","slug":"madre-solicita-apoyo-para-implante-coclear-de-menor","status":"publish","type":"post","link":"https:\/\/encuentroinformativo.com.mx\/?p=24940","title":{"rendered":"Madre solicita apoyo para implante coclear de menor"},"content":{"rendered":"\n<p><strong>Dar\u00edo Pale<\/strong><\/p>\n\n\n\n<p>Xalapa, Ver.- La se\u00f1ora Susana Altamirano Balderas, hizo un llamado a las autoridades para que le puedan incluir a su hijo en la entrega de un implante coclear, asegur\u00f3 que su hijo es sordo desde que tiene un a\u00f1o de edad y la \u00fanica esperanza de que el menor pueda volver a escuchar es con este aparato.<\/p>\n\n\n\n<p>En entrevista dio a conocer que su peque\u00f1o hijo Sa\u00fal Fernando Vald\u00e9s Altamirano, de cinco a\u00f1os 8 meses, tiene m\u00e1s de cuatro a\u00f1os luchando contra la burocracia del gobierno de Veracruz, ya que aunque es candidato a ponerlo en lista de espera para un implante coclear, no lo han inclu\u00eddo porque tras perder la audici\u00f3n, desarroll\u00f3 autismo.<\/p>\n\n\n\n<p>Dio a conocer todo lo que han pasado desde que Fernandito perdi\u00f3 la audici\u00f3n a causa de una temperatura muy elevada, pero sobre todo, hoy acude a los xalape\u00f1os para pedir su apoyo, ya que si el gobierno estatal no la apoya, est\u00e1 buscando la manera de conseguirlo en la iniciativa privada, pero un implante de este tipo tiene un costo superior a los 650 mil pesos y ella apenas si ha logrado juntar 250 mil pesos.<\/p>\n\n\n\n<p>Fernandito naci\u00f3 san\u00f3, pero perdi\u00f3 la audici\u00f3n y desde ese momento se dieron a la tarea de buscar un implante coclear porque es la \u00fanica manera en la que podr\u00e1 escuchar y de desarrollar el lenguaje.<\/p>\n\n\n\n<p>\u201cEsta es la \u00fanica alternativa que mi hijo tiene para poder escuchar, este es un milagro de la ciencia, que brinda a los peque\u00f1os la posibilidad de volver a escuchar y desarrollar el lenguaje\u201d, se\u00f1al\u00f3.<\/p>\n\n\n\n<p>Sin embargo, no actuaba como un sordo puro y adem\u00e1s desaroll\u00f3 el trastorno del espectro autista, por lo que comenz\u00f3 a ser rechazado de cada programa llevado a cabo, por esta denominada doble condici\u00f3n.<\/p>\n\n\n\n<p>Explic\u00f3 que para poder ser candidato a un implante coclear es que desarrolle el lenguaje, pero no escucha absolutamente nada, pero debido a su autismo resulta todav\u00eda m\u00e1s dif\u00edcil que pueda hablar.<\/p>\n\n\n\n<p>&#8220;Sin embargo, ha demostrado que es un ni\u00f1o inteligente y que puede salir adelante. Hemos consultado a muchos especialistas, entre ellos el doctor Arnulfo Perfecto, quien es muy reconocido. Este neur\u00f3logo pediatra considera que el implante coclear est\u00e1 altamente recomendado para pacientes como mi hijo&#8221;, subray\u00f3.<\/p>\n\n\n\n<p>Expuso que el gobierno dona ese tipo de implantes a quienes tienen una mejor posibilidad de aprovecharlo porque tiene un costo de 650 mil pesos, por lo que para ella es casi imposible reunir esa cantidad de recursos para que se lo pongan en el sector privado.<\/p>\n\n\n\n<p>&#8220;Llevamos en lista de espera cuatro a\u00f1os en el CAE, cuatro a\u00f1os que han sido de puro rechazo porque mi hijo no quiere responder a la terapia del lenguaje, pero es muy distinto tener un implante coclear&#8221;, inform\u00f3.<\/p>\n\n\n\n<p>&#8220;Si bien \u00e9l no llegar\u00eda a hablar, s\u00ed escuchar\u00eda a base de muchas terapias, se pueden lograr casos extraordinarios, conozco varios casos de ni\u00f1os con autismo y de hecho con un autismo severo y hoy en d\u00eda est\u00e1n comunic\u00e1ndose, expres\u00e1ndose&#8221;, agreg\u00f3.<\/p>\n\n\n\n<p>Susana Altamirano Balderas pregunt\u00f3 por qu\u00e9 el gobierno de Veracruz hace este tipo de discriminaciones a ni\u00f1os con una doble condici\u00f3n, porque no es justo.<\/p>\n\n\n\n<p>Para cualquier apoyo la se\u00f1ora dio su n\u00famero de tel\u00e9fono \u202a2282301041\u202c o la p\u00e1gina de <em>facebook<\/em> &#8220;Ayudemos a Fernandito a escuchar&#8221;, donde se podr\u00e1 conocer todo el trabajo que ha realizado para tratar de reunir los recursos.<br>Altamirano Balderas es sobreviviente de c\u00e1ncer de tiroides y aunque ten\u00eda Seguro Social tuvo que renunciar a este para que su peque\u00f1o fuera aceptado en el CAE, pero la respuesta sigue siendo negativa.<\/p>\n","protected":false},"excerpt":{"rendered":"<p>Dar\u00edo Pale Xalapa, Ver.- La se\u00f1ora Susana Altamirano Balderas, hizo un llamado a las autoridades para que le puedan incluir a su hijo en la entrega de un implante coclear, asegur\u00f3 que su hijo es sordo desde que tiene un a\u00f1o de edad y la \u00fanica esperanza de que el menor pueda volver a escuchar [&hellip;]<\/p>\n","protected":false},"author":1,"featured_media":24941,"comment_status":"open","ping_status":"open","sticky":false,"template":"","format":"standard","meta":{"_jetpack_memberships_contains_paid_content":false,"footnotes":""},"categories":[9],"tags":[],"class_list":["post-24940","post","type-post","status-publish","format-standard","has-post-thumbnail","hentry","category-salud"],"jetpack_featured_media_url":"https:\/\/encuentroinformativo.com.mx\/wp-content\/uploads\/2022\/03\/496413B6-73AF-4907-AD92-35B4ABFF8B6D.jpeg","jetpack_sharing_enabled":true,"jetpack_likes_enabled":true,"amp_enabled":true,"_links":{"self":[{"href":"https:\/\/encuentroinformativo.com.mx\/index.php?rest_route=\/wp\/v2\/posts\/24940","targetHints":{"allow":["GET"]}}],"collection":[{"href":"https:\/\/encuentroinformativo.com.mx\/index.php?rest_route=\/wp\/v2\/posts"}],"about":[{"href":"https:\/\/encuentroinformativo.com.mx\/index.php?rest_route=\/wp\/v2\/types\/post"}],"author":[{"embeddable":true,"href":"https:\/\/encuentroinformativo.com.mx\/index.php?rest_route=\/wp\/v2\/users\/1"}],"replies":[{"embeddable":true,"href":"https:\/\/encuentroinformativo.com.mx\/index.php?rest_route=%2Fwp%2Fv2%2Fcomments&post=24940"}],"version-history":[{"count":1,"href":"https:\/\/encuentroinformativo.com.mx\/index.php?rest_route=\/wp\/v2\/posts\/24940\/revisions"}],"predecessor-version":[{"id":24942,"href":"https:\/\/encuentroinformativo.com.mx\/index.php?rest_route=\/wp\/v2\/posts\/24940\/revisions\/24942"}],"wp:featuredmedia":[{"embeddable":true,"href":"https:\/\/encuentroinformativo.com.mx\/index.php?rest_route=\/wp\/v2\/media\/24941"}],"wp:attachment":[{"href":"https:\/\/encuentroinformativo.com.mx\/index.php?rest_route=%2Fwp%2Fv2%2Fmedia&parent=24940"}],"wp:term":[{"taxonomy":"category","embeddable":true,"href":"https:\/\/encuentroinformativo.com.mx\/index.php?rest_route=%2Fwp%2Fv2%2Fcategories&post=24940"},{"taxonomy":"post_tag","embeddable":true,"href":"https:\/\/encuentroinformativo.com.mx\/index.php?rest_route=%2Fwp%2Fv2%2Ftags&post=24940"}],"curies":[{"name":"wp","href":"https:\/\/api.w.org\/{rel}","templated":true}]}}