{"id":2495,"date":"2020-05-13T07:02:53","date_gmt":"2020-05-13T12:02:53","guid":{"rendered":"https:\/\/encuentroinformativo.com\/?p=2495"},"modified":"2020-05-13T03:04:38","modified_gmt":"2020-05-13T08:04:38","slug":"fuerzas-armadas-ya-estaban-nunca-se-fueron-y-ahora-menos-por-el-coronavirus-y-lo-que-sigue","status":"publish","type":"post","link":"https:\/\/encuentroinformativo.com.mx\/?p=2495","title":{"rendered":"FUERZAS ARMADAS YA ESTABAN; NUNCA SE FUERON\u2026 Y AHORA MENOS POR EL CORONAVIRUS Y LO QUE SIGUE"},"content":{"rendered":"\n<p><strong>+ \u00a1Cazarinaaaazoooo en el Congreso!: le quitan dinero a partidos.<br><br><em>Chente Fox deber\u00eda inscribirse en el programa de 68 y m\u00e1s o pedir una tanda del Bienestar.<br>&#8211;Chopenjawer<\/em><\/strong><\/p>\n\n\n\n<p>Desde los tiempos del presidente Ernesto Zedillo (1994-2000), ya se militarizaba la polic\u00eda civil cuando cre\u00f3 la Polic\u00eda Federal Preventiva al final de su sexenio, &#8220;tripulando&#8221; a la prestigiada Polic\u00eda Federal de Caminos y sumando a varios elementos de las fuerzas armadas a la nueva corporaci\u00f3n.&nbsp;<\/p>\n\n\n\n<p>En Veracruz, desde los tiempos de Agust\u00edn Acosta Lagunes como gobernador (1980 a 1986), se dieron los primeros mandos militares en la entonces Direcci\u00f3n General de Seguridad P\u00fablica del Estado (antecedente de la actual SSP) con el general Luis de la Barrera Moreno y el general Luis Torres Arce.<\/p>\n\n\n\n<p>Desde que se recuerde, mucho ha tenido qu\u00e9 ver la participaci\u00f3n de las fuerzas armadas (especialmente el Ej\u00e9rcito) en operaciones especiales relativos a la delincuencia organizada. Por ejemplo, fue el Ej\u00e9rcito y no la polic\u00eda, con quien la DEA (Drug Enforcement Administration) desmantel\u00f3 el famoso rancho &#8220;El B\u00fafalo&#8221; del narcotraficante Rafael Caro Quintero, en 1984.<\/p>\n\n\n\n<p>M\u00e1s recientemente, quien ya de plano sac\u00f3 al Ej\u00e9rcito y a la Marina a la calle fue el presidente Felipe Calder\u00f3n, en una pol\u00e9mica estrategia que se desencaden\u00f3 una ola de violencia inusitada y sangrienta. Fue precisamente la guerra contra el narco.<\/p>\n\n\n\n<p>Durante todos esos a\u00f1os, hab\u00eda una preocupaci\u00f3n por el hecho de que las fuerzas armadas no ten\u00edan un respaldo o figura legal que los protegiera al estar realizando tareas de seguridad p\u00fablica como polic\u00edas preventivos. En Veracruz, por ejemplo, se recordar\u00e1 que a los marinos se les convirti\u00f3 en Polic\u00edas Navales, aunque ten\u00edan un distintivo aclarando que eran efectivos de la Secretar\u00eda de Marina (Semar) en apoyo a tareas de la Secretar\u00eda de Seguridad P\u00fablica. Posteriormente, lo de &#8220;navales&#8221; se fue diluyendo, pues se ve\u00edan a elementos que no ten\u00edan el mismo porte.<\/p>\n\n\n\n<p>En ese entonces, el gobernador Javier Duarte de Ochoa presum\u00eda lo que hab\u00eda sido una operaci\u00f3n pol\u00edtica de alto nivel para que la Secretar\u00eda de Marina apoyara en las tareas de seguridad en Veracruz, y nunca dejaba de agradecerle al almirante Mariano Francisco Saynez Mendoza, titular de la Semar.<\/p>\n\n\n\n<p>Esa guerra contra el narco le cost\u00f3 al PAN la Presidencia de la Rep\u00fablica, pues la violencia escal\u00f3 como nunca se hab\u00eda visto antes. Esa misma se fue desencadenando durante el sexenio de Enrique Pe\u00f1a Nieto, por la lucha de plazas y reacomodos de grupos delincuenciales, pero tampoco regresaron las fuerzas armadas a los cuarteles.<\/p>\n\n\n\n<p>Fue precisamente la administraci\u00f3n del mexiquense la que cre\u00f3 otro cuerpo policiaco al que trat\u00f3 de hacer civil: la Gendarmer\u00eda Nacional, modelo ser\u00eda similar a las de Francia y Chile. De igual manera, desapareci\u00f3 la Secretar\u00eda de Seguridad P\u00fablica creada durante los gobiernos panistas y la convirti\u00f3 en Comisi\u00f3n Nacional de Seguridad, dependiente de la Secretar\u00eda de Gobernaci\u00f3n. Con esto, Miguel \u00c1ngel Osorio Chong &#8211;como titular de la Segob&#8211; se convertir\u00eda en el funcionario m\u00e1s poderoso del Pe\u00f1ismo.<\/p>\n\n\n\n<p>Durante el bienio de Miguel \u00c1ngel Yunes Linares (uno de los amigos m\u00e1s cercanos de Osorio Chong) la corporaci\u00f3n que quiso realzar en Veracruz como su nueva aliada de seguridad fue la Polic\u00eda Militar; algo extra\u00f1o porque dicho cuerpo no estaba identificado con tareas de seguridad p\u00fablica, sino m\u00e1s bien para cuidar instalaciones del Ej\u00e9rcito.<\/p>\n\n\n\n<p>Pero a pesar de que la Gendarmer\u00eda ten\u00eda un buen prestigio y se ve\u00eda como un cuerpo de \u00e9lite separado al de la Polic\u00eda Federal, la corporaci\u00f3n dur\u00f3 solamente el sexenio de Pe\u00f1a Nieto porque fue integrada a la Guardia Nacional que cre\u00f3 el presidente Andr\u00e9s Manuel L\u00f3pez Obrador, creada por decreto el 26 de marzo de 2019 y pr\u00e1cticamente absorbiendo todas las corporaciones policiacas.<\/p>\n\n\n\n<p>No obstante, habr\u00e1 que decir que la Guardia Nacional fue integrada en su mayor\u00eda por elementos de las fuerzas armadas.&nbsp;<\/p>\n\n\n\n<p>&#8220;Tras su creaci\u00f3n, la Guardia Nacional en un principio fue h\u00edbrida, ya que su entrenamiento y disciplina estuvo a cargo de la Secretar\u00eda de la Defensa Nacional (SEDENA) y la Secretar\u00eda de Marina (SEMAR) y su mando en la Secretar\u00eda de Seguridad y Protecci\u00f3n Ciudadana. Adicional al proceso de reclutamiento civil, su conformaci\u00f3n estuvo integrada por polic\u00edas militares, navales y federales, absorbiendo dichas corporaciones&#8221;, dice Wikipedia.<\/p>\n\n\n\n<p>\u00bfY a qu\u00e9 vamos con todo este chorizo? Bueno: que este 11 de mayo fue publicado en el Diario Oficial de la Federaci\u00f3n un acuerdo donde el gobierno del presidente Andr\u00e9s Manuel L\u00f3pez Obrador legitima la presencia de las fuerzas armadas en las calles (que insistimos, ya estaban), contrario a la pol\u00edtica de que se regresar\u00edan a los cuarteles.<\/p>\n\n\n\n<p>De hecho, una tarjeta informativa que circul\u00f3 entre altos funcionarios federales y estatales (del cual este columnista tiene una copia) indica en uno de sus p\u00e1rrafos que &#8220;El Acuerdo es necesario en la medida en que el Ej\u00e9rcito operaba sin un marco jur\u00eddico que le diera certeza a sus acciones. Este documento atiende diversas resoluciones jurisdiccionales (nacionales e internacionales) encaminadas a precisar el alcance de su intervenci\u00f3n en tareas de seguridad p\u00fablica bajo principios democr\u00e1ticos, temporales y de apego irrestricto a los derechos humanos&#8221;.<\/p>\n\n\n\n<p>En otro p\u00e1rrafo, puntualiza: &#8220;El Acuerdo no implica darle m\u00e1s atribuciones al Ej\u00e9rcito en materia de Seguridad P\u00fablica; limita las facultades exactamente a lo establecido en el art\u00edculo quinto transitorio de la reforma constitucional que autoriza su participaci\u00f3n en materia de seguridad p\u00fablica en t\u00e9rminos generales&#8221;.<\/p>\n\n\n\n<p>Una de las banderas constantes de L\u00f3pez Obrador fue estar en contra de la militarizaci\u00f3n del pa\u00eds, a la cual se sumaron miles, quiz\u00e1s millones de simpatizantes. La promesa era regresar a las fuerzas armadas a los cuarteles.<\/p>\n\n\n\n<p>Pero ya instalado como presidente, quiz\u00e1s le cay\u00f3 el veinte de lo importante que es la polic\u00eda y las fuerzas armadas. Que no todo es paz y amor (y abrazos) y que definitivamente ning\u00fan malandro piensa en su mamacita a la hora de hacer maldades. El caso de Ovidio, en Culiac\u00e1n, fue el m\u00e1s claro para que se sepan con qu\u00e9 est\u00e1n lidiando; otro ejemplo fue la desaparici\u00f3n del Estado Mayor Presidencial, cuando ahora se sabe que nuevamente el Ej\u00e9rcito se ha hecho cargo (muy discretamente) de la seguridad del mandatario.<\/p>\n\n\n\n<p>L\u00f3pez Obrador quiz\u00e1s ve que la Guardia Nacional no ha cuajado como proyecto, pues desde un inicio hubo resistencia (especialmente de elementos de la Polic\u00eda Federal) para unirse a la nueva corporaci\u00f3n. No por nada, la gran parte de los elementos de Guardia Nacional que se han visto por el pa\u00eds son elementos de las fuerzas armadas, con su distintivo al hombro con las siglas GN: Guardia Nacional.<\/p>\n\n\n\n<p>Aunque no se puede hablar de un fracaso de la Guardia Nacional como tal, hay voces en el sentido de que el presidente m\u00e1s bien prefiri\u00f3 &#8220;acuerpar&#8221; o legitimar la presencia de las fuerzas armadas que ya estaban en las calles, especialmente por lo que viene en el futuro: una situaci\u00f3n de caos extraordinaria derivada del confinamiento por el coronavirus.<\/p>\n\n\n\n<p>Nadie esperaba una pandemia y mucho menos los escenarios cr\u00edticos como la p\u00e9rdida de empleos y una crisis econ\u00f3mica que indudablemente puede generar inseguridad e inestabilidad en algunas partes del pa\u00eds.<\/p>\n\n\n\n<p>Quiz\u00e1s AMLO lo que est\u00e1 previendo son los saqueos masivos a comercios, robos, asaltos, etc., todo lo que pueda generarse a partir del hambre y la desesperaci\u00f3n, donde la Guardia Nacional definitivamente no se dar\u00e1 a abasto.<\/p>\n\n\n\n<p>Otra raz\u00f3n por la que tal vez legalizan la presencia de fuerzas armadas en las calles: en muchas ciudades podr\u00edan llegar a aplicar &#8220;toque de queda&#8221; y no habr\u00e1 de otra: la gente no entiende y siguen armando hasta fiestas con m\u00fasica de banda o m\u00fasica norte\u00f1a en plena pandemia, llegando incluso a golpear a autoridades cuando les quieren cancelar.<\/p>\n\n\n\n<p>S\u00ed, el riesgo de lo anterior es que finalmente los cr\u00edticos de AMLO aprovechar\u00e1n la situaci\u00f3n para decir que estos son los primeros pasos para un autoritarismo v\u00eda las fuerzas armadas.<\/p>\n\n\n\n<p>Es chistoso, pero hace unos a\u00f1os, gente como el propagandista ultra-lopezobradorista John Ackerman criticaban la militarizaci\u00f3n del pa\u00eds, pero en este caso hacen mutis. En el otro extremo, los que parecen chairos muy recalcitrantes en los mejores tiempos del aspirante presidencial tabasque\u00f1o, son los cr\u00edticos de la 4T.<\/p>\n\n\n\n<p>Por donde se le vea, el Ej\u00e9rcito y los Marinos nunca se fueron de las calles. Estaban ah\u00ed, quiz\u00e1s en un limbo legal que los manten\u00eda desprotegidos, pero para cualquier pol\u00edtico actual (como ya est\u00e1n aprendiendo en la Cuarta Transformeishion) prescindir de las fuerzas armadas, por mucho odio sesentero que le tengan, es un grave error.<\/p>\n\n\n\n<p><strong>LA \u00daNICA NOTA PARA PEGAR EN EL REFRI DE HOY:\u00a0<\/strong>\u00a1Cazarinaaaaaaazoooooooo!&#8230; Nuevamente se vio la buena operaci\u00f3n pol\u00edtica y el Congreso de Veracruz aprob\u00f3 por 34 votos la reducci\u00f3n de prerrogativas a partidos pol\u00edticos en un 50%. Lo anterior caus\u00f3 reacciones diversas en los partidos de oposici\u00f3n, cuando se enteraron que hubo diputados de sus siglas que votaron a favor del proyecto de MORENA. En el caso del PAN, a Rodrigo Garc\u00eda Escalante ya no lo bajan de &#8220;traidor&#8221;, pero la verdad es que los mismos panistas pecan de ingenuos como si no supieran c\u00f3mo en los \u00faltimos a\u00f1os esta familia se ha mantenido en el poder: hasta al mismo Yunes Linares le vieron la cara&#8230; Quiz\u00e1s la reacci\u00f3n m\u00e1s iracunda fue la del PRI, pues ya est\u00e1n viendo lo de la expulsi\u00f3n de Don Antonio Garc\u00eda, l\u00edder cenecista, que prefiri\u00f3 votar libre. Y es por este tipo de acciones que el PRI tambi\u00e9n perdi\u00f3 el poder&#8230; El diputado Alexis S\u00e1nchez Garc\u00eda, de Movimiento Ciudadano, a lo mejor ya tiene indicaciones desde la c\u00fapula (enti\u00e9ndase, Dante Delgado) para que le haga ojitos coquetos a MORENA&#8230; Otros que se sumaron a favor fueron la diputada del PVEM, Andrea Yunes; Mar\u00eda Candelas Francisco Doce y Gonzalo Gu\u00edzar Valladares, del extinto Partido Encuentro Social; y tambi\u00e9n ayud\u00f3 la abstenci\u00f3n de Brianda Kristel Hern\u00e1ndez Topete, del PRD, esposa del alcalde de Santiago Tuxtla y nuera de Jazm\u00edn Copete Zapot, de las huestes fuertes del perredismo en la zona de los Tuxtlas, donde tiene tambi\u00e9n fuerte influencia Cazar\u00edn y, poco a poco, MORENA.<br><\/p>\n\n\n\n<p><strong>@pablojair<\/strong><\/p>\n","protected":false},"excerpt":{"rendered":"<p>+ \u00a1Cazarinaaaazoooo en el Congreso!: le quitan dinero a partidos. Chente Fox deber\u00eda inscribirse en el programa de 68 y m\u00e1s o pedir una tanda del Bienestar.&#8211;Chopenjawer Desde los tiempos del presidente Ernesto Zedillo (1994-2000), ya se militarizaba la polic\u00eda civil cuando cre\u00f3 la Polic\u00eda Federal Preventiva al final de su sexenio, &#8220;tripulando&#8221; a la [&hellip;]<\/p>\n","protected":false},"author":1,"featured_media":488,"comment_status":"open","ping_status":"open","sticky":false,"template":"","format":"standard","meta":{"_jetpack_memberships_contains_paid_content":false,"footnotes":""},"categories":[11],"tags":[],"class_list":["post-2495","post","type-post","status-publish","format-standard","has-post-thumbnail","hentry","category-opinion"],"jetpack_featured_media_url":"https:\/\/encuentroinformativo.com.mx\/wp-content\/uploads\/2020\/03\/F471F608-BA1A-416B-BA7B-BCFB24F4E6D0.jpeg","jetpack_sharing_enabled":true,"jetpack_likes_enabled":true,"amp_enabled":true,"_links":{"self":[{"href":"https:\/\/encuentroinformativo.com.mx\/index.php?rest_route=\/wp\/v2\/posts\/2495","targetHints":{"allow":["GET"]}}],"collection":[{"href":"https:\/\/encuentroinformativo.com.mx\/index.php?rest_route=\/wp\/v2\/posts"}],"about":[{"href":"https:\/\/encuentroinformativo.com.mx\/index.php?rest_route=\/wp\/v2\/types\/post"}],"author":[{"embeddable":true,"href":"https:\/\/encuentroinformativo.com.mx\/index.php?rest_route=\/wp\/v2\/users\/1"}],"replies":[{"embeddable":true,"href":"https:\/\/encuentroinformativo.com.mx\/index.php?rest_route=%2Fwp%2Fv2%2Fcomments&post=2495"}],"version-history":[{"count":1,"href":"https:\/\/encuentroinformativo.com.mx\/index.php?rest_route=\/wp\/v2\/posts\/2495\/revisions"}],"predecessor-version":[{"id":2496,"href":"https:\/\/encuentroinformativo.com.mx\/index.php?rest_route=\/wp\/v2\/posts\/2495\/revisions\/2496"}],"wp:featuredmedia":[{"embeddable":true,"href":"https:\/\/encuentroinformativo.com.mx\/index.php?rest_route=\/wp\/v2\/media\/488"}],"wp:attachment":[{"href":"https:\/\/encuentroinformativo.com.mx\/index.php?rest_route=%2Fwp%2Fv2%2Fmedia&parent=2495"}],"wp:term":[{"taxonomy":"category","embeddable":true,"href":"https:\/\/encuentroinformativo.com.mx\/index.php?rest_route=%2Fwp%2Fv2%2Fcategories&post=2495"},{"taxonomy":"post_tag","embeddable":true,"href":"https:\/\/encuentroinformativo.com.mx\/index.php?rest_route=%2Fwp%2Fv2%2Ftags&post=2495"}],"curies":[{"name":"wp","href":"https:\/\/api.w.org\/{rel}","templated":true}]}}