{"id":24953,"date":"2022-03-21T17:37:03","date_gmt":"2022-03-21T23:37:03","guid":{"rendered":"https:\/\/encuentroinformativo.com.mx\/?p=24953"},"modified":"2022-03-21T17:37:07","modified_gmt":"2022-03-21T23:37:07","slug":"reforzaran-operativos-viales-en-zonas-escolares","status":"publish","type":"post","link":"https:\/\/encuentroinformativo.com.mx\/?p=24953","title":{"rendered":"Reforzar\u00e1n operativos viales en zonas escolares"},"content":{"rendered":"\n<p><strong>Dar\u00edo Pale<\/strong> <\/p>\n\n\n\n<p>Xalapa, Ver.- El titular de la Direcci\u00f3n General de Tr\u00e1nsito y Transporte (DGTyT) Jos\u00e9 Antonio Camps Valencia, dio a conocer que se va a reforzar vigilancia en las escuelas, tras regreso presencial a clases aclar\u00f3 que,\u00a0nunca dej\u00f3 de haber operativos, pero al no haber clases, no hab\u00eda tr\u00e1nsitos en esas zonas.<\/p>\n\n\n\n<p>En entrevista se\u00f1al\u00f3 que tras el regreso a clases presenciales en la mayor\u00eda de escuelas en Xalapa, la dependencia a su cargo retomar\u00e1 y fortalecer\u00e1 los operativos de vialidad en cruces peatonales.<\/p>\n\n\n\n<p>Dio a conocer que incluso hay escuelas que ya han mandado oficios para solicitar la presencia de los uniformados en los cruces de las escuelas de nivel b\u00e1sico, principalmente.<\/p>\n\n\n\n<p>&#8220;Estamos regresando a aplicar el operativo en las escuelas, incluso hay unas que nos hacen la solicitud para que les pintemos los pasos peatonales aqu\u00ed en Xalapa y todo el Estado, contin\u00faan los operativos&#8221;, se\u00f1al\u00f3.<\/p>\n\n\n\n<p>Coment\u00f3 que debido a que las escuelas no estaban teniendo presencia de alumnos, fue que no se observaron a los elementos de Tr\u00e1nsito, como lo han se\u00f1alado directivos y padres de familia, sin embargo ya en estos d\u00edas se har\u00e1 un refuerzo, \u201cya estaban, entonces ahora se refuerzan, porque no hab\u00eda clases&#8221;.<\/p>\n\n\n\n<p>Por \u00faltimo es de destacar que hay escuelas primarias y jardines de ni\u00f1os que han reportado nula vigilancia al ingreso y salida de alumnos, adem\u00e1s de embotellamientos en las zonas escolares.<\/p>\n","protected":false},"excerpt":{"rendered":"<p>Dar\u00edo Pale Xalapa, Ver.- El titular de la Direcci\u00f3n General de Tr\u00e1nsito y Transporte (DGTyT) Jos\u00e9 Antonio Camps Valencia, dio a conocer que se va a reforzar vigilancia en las escuelas, tras regreso presencial a clases aclar\u00f3 que,\u00a0nunca dej\u00f3 de haber operativos, pero al no haber clases, no hab\u00eda tr\u00e1nsitos en esas zonas. En entrevista [&hellip;]<\/p>\n","protected":false},"author":1,"featured_media":24954,"comment_status":"open","ping_status":"open","sticky":false,"template":"","format":"standard","meta":{"_jetpack_memberships_contains_paid_content":false,"footnotes":""},"categories":[3],"tags":[],"class_list":["post-24953","post","type-post","status-publish","format-standard","has-post-thumbnail","hentry","category-xalapa"],"jetpack_featured_media_url":"https:\/\/encuentroinformativo.com.mx\/wp-content\/uploads\/2022\/03\/2EA09809-52B0-4144-B31E-84EE03E51147.jpeg","jetpack_sharing_enabled":true,"jetpack_likes_enabled":true,"amp_enabled":true,"_links":{"self":[{"href":"https:\/\/encuentroinformativo.com.mx\/index.php?rest_route=\/wp\/v2\/posts\/24953","targetHints":{"allow":["GET"]}}],"collection":[{"href":"https:\/\/encuentroinformativo.com.mx\/index.php?rest_route=\/wp\/v2\/posts"}],"about":[{"href":"https:\/\/encuentroinformativo.com.mx\/index.php?rest_route=\/wp\/v2\/types\/post"}],"author":[{"embeddable":true,"href":"https:\/\/encuentroinformativo.com.mx\/index.php?rest_route=\/wp\/v2\/users\/1"}],"replies":[{"embeddable":true,"href":"https:\/\/encuentroinformativo.com.mx\/index.php?rest_route=%2Fwp%2Fv2%2Fcomments&post=24953"}],"version-history":[{"count":1,"href":"https:\/\/encuentroinformativo.com.mx\/index.php?rest_route=\/wp\/v2\/posts\/24953\/revisions"}],"predecessor-version":[{"id":24955,"href":"https:\/\/encuentroinformativo.com.mx\/index.php?rest_route=\/wp\/v2\/posts\/24953\/revisions\/24955"}],"wp:featuredmedia":[{"embeddable":true,"href":"https:\/\/encuentroinformativo.com.mx\/index.php?rest_route=\/wp\/v2\/media\/24954"}],"wp:attachment":[{"href":"https:\/\/encuentroinformativo.com.mx\/index.php?rest_route=%2Fwp%2Fv2%2Fmedia&parent=24953"}],"wp:term":[{"taxonomy":"category","embeddable":true,"href":"https:\/\/encuentroinformativo.com.mx\/index.php?rest_route=%2Fwp%2Fv2%2Fcategories&post=24953"},{"taxonomy":"post_tag","embeddable":true,"href":"https:\/\/encuentroinformativo.com.mx\/index.php?rest_route=%2Fwp%2Fv2%2Ftags&post=24953"}],"curies":[{"name":"wp","href":"https:\/\/api.w.org\/{rel}","templated":true}]}}