{"id":24967,"date":"2022-03-21T19:13:12","date_gmt":"2022-03-22T01:13:12","guid":{"rendered":"https:\/\/encuentroinformativo.com.mx\/?p=24967"},"modified":"2022-03-21T19:13:16","modified_gmt":"2022-03-22T01:13:16","slug":"necesario-promover-mayor-inclusion-senalan-fundaciones","status":"publish","type":"post","link":"https:\/\/encuentroinformativo.com.mx\/?p=24967","title":{"rendered":"Necesario promover mayor inclusi\u00f3n, se\u00f1alan fundaciones"},"content":{"rendered":"\n<p><strong>Alejandro \u00c1vila<\/strong><\/p>\n\n\n\n<p>Veracruz, Ver.- En el marco del D\u00eda Mundial del S\u00edndrome de Down, Carolina Perdomo Escobar, presidenta de la Fundaci\u00f3n S\u00edndrome de Down Veracruz reconoci\u00f3 que, en M\u00e9xico falta mucho para completar una verdadera inclusi\u00f3n, sobre todo en \u00e1mbitos como la educaci\u00f3n, el deporte y temas laborales.<\/p>\n\n\n\n<p>En cuestiones laborales, dijo la activista, son m\u00ednimas las empresas que ofrecen espacio para personas con alguna discapacidad; c\u00f3mo ejemplo puso su Fundaci\u00f3n, quien cuenta con 50 integrantes con S\u00edndrome de Down, y solo uno de ellos ha podido ser colocado en un empleo.<\/p>\n\n\n\n<p>Perdomo Escobar expuso que, el desconocimiento, pero sobre todo el temor de que sean capaces de lograr lo que se les pida, ha mermado los espacios laborales para personas con discapacidad.<\/p>\n\n\n\n<p>&#8220;Es el desconocimiento de lo que es el S\u00edndrome de Down y de lo que pueden desarrollar, y por ello es la invitaci\u00f3n que le hacemos a la sociedad, que no lo vean en su discapacidad, sino que le vean ese potencial de una persona que puede llegar a desarrollar cualquier actividad siendo entrenada, capacitada y apoyada por pap\u00e1, mam\u00e1, vecinos y familia&#8221;, resalt\u00f3.<\/p>\n\n\n\n<p>La activista dijo que, la sociedad debe dejar de referirse a las personas con S\u00edndrome de Down c\u00f3mo &#8220;angelitos&#8221;, &#8220;ni\u00f1o&#8221; o cualquier otro calificativo de ese tipo; pues de esta manera se interpreta que son personas incapaces de realizar una actividad, cu\u00e1ndo es todo lo contrario.<\/p>\n\n\n\n<p>&#8220;Por ejemplo, tienen destreza en aquellas \u00e1reas que no les pide movimientos muy r\u00e1pidos, si es en una f\u00e1brica que requieran quitar una pieza cada 3 minutos tal vez ellos no puedan&#8221;.<\/p>\n\n\n\n<p>En el Estado de Veracruz, seg\u00fan el registro, existen cerca de 750 mil personas con alg\u00fan tipo de discapacidad, y de ellos, el 10 por ciento tiene S\u00edndrome de Down.<\/p>\n","protected":false},"excerpt":{"rendered":"<p>Alejandro \u00c1vila Veracruz, Ver.- En el marco del D\u00eda Mundial del S\u00edndrome de Down, Carolina Perdomo Escobar, presidenta de la Fundaci\u00f3n S\u00edndrome de Down Veracruz reconoci\u00f3 que, en M\u00e9xico falta mucho para completar una verdadera inclusi\u00f3n, sobre todo en \u00e1mbitos como la educaci\u00f3n, el deporte y temas laborales. En cuestiones laborales, dijo la activista, son [&hellip;]<\/p>\n","protected":false},"author":1,"featured_media":24968,"comment_status":"open","ping_status":"open","sticky":false,"template":"","format":"standard","meta":{"_jetpack_memberships_contains_paid_content":false,"footnotes":""},"categories":[2],"tags":[],"class_list":["post-24967","post","type-post","status-publish","format-standard","has-post-thumbnail","hentry","category-estado"],"jetpack_featured_media_url":"https:\/\/encuentroinformativo.com.mx\/wp-content\/uploads\/2022\/03\/C7F457BE-A87D-4536-BAF7-C4707CD12900.jpeg","jetpack_sharing_enabled":true,"jetpack_likes_enabled":true,"amp_enabled":true,"_links":{"self":[{"href":"https:\/\/encuentroinformativo.com.mx\/index.php?rest_route=\/wp\/v2\/posts\/24967","targetHints":{"allow":["GET"]}}],"collection":[{"href":"https:\/\/encuentroinformativo.com.mx\/index.php?rest_route=\/wp\/v2\/posts"}],"about":[{"href":"https:\/\/encuentroinformativo.com.mx\/index.php?rest_route=\/wp\/v2\/types\/post"}],"author":[{"embeddable":true,"href":"https:\/\/encuentroinformativo.com.mx\/index.php?rest_route=\/wp\/v2\/users\/1"}],"replies":[{"embeddable":true,"href":"https:\/\/encuentroinformativo.com.mx\/index.php?rest_route=%2Fwp%2Fv2%2Fcomments&post=24967"}],"version-history":[{"count":1,"href":"https:\/\/encuentroinformativo.com.mx\/index.php?rest_route=\/wp\/v2\/posts\/24967\/revisions"}],"predecessor-version":[{"id":24969,"href":"https:\/\/encuentroinformativo.com.mx\/index.php?rest_route=\/wp\/v2\/posts\/24967\/revisions\/24969"}],"wp:featuredmedia":[{"embeddable":true,"href":"https:\/\/encuentroinformativo.com.mx\/index.php?rest_route=\/wp\/v2\/media\/24968"}],"wp:attachment":[{"href":"https:\/\/encuentroinformativo.com.mx\/index.php?rest_route=%2Fwp%2Fv2%2Fmedia&parent=24967"}],"wp:term":[{"taxonomy":"category","embeddable":true,"href":"https:\/\/encuentroinformativo.com.mx\/index.php?rest_route=%2Fwp%2Fv2%2Fcategories&post=24967"},{"taxonomy":"post_tag","embeddable":true,"href":"https:\/\/encuentroinformativo.com.mx\/index.php?rest_route=%2Fwp%2Fv2%2Ftags&post=24967"}],"curies":[{"name":"wp","href":"https:\/\/api.w.org\/{rel}","templated":true}]}}