{"id":24980,"date":"2022-03-22T09:42:07","date_gmt":"2022-03-22T15:42:07","guid":{"rendered":"https:\/\/encuentroinformativo.com.mx\/?p=24980"},"modified":"2022-03-22T09:42:11","modified_gmt":"2022-03-22T15:42:11","slug":"detienen-a-padre-pederasta-en-granjas-de-rio-medio","status":"publish","type":"post","link":"https:\/\/encuentroinformativo.com.mx\/?p=24980","title":{"rendered":"Detienen a padre pederasta en Granjas de R\u00edo Medio"},"content":{"rendered":"\n<p><strong>Alejandro \u00c1vila<\/strong><\/p>\n\n\n\n<p>Veracruz, Ver.- La noche de este lunes fue detenido Eduardo T.B. tras cumplir la Polic\u00eda Ministerial una orden de aprehensi\u00f3n en su contra por el presunto delito de abuso sexual de su propia hija, a qui\u00e9n desde el a\u00f1o 2019 la ten\u00eda amenazada de muerte junto con su madre, si est\u00e1s lo denunciaban.<\/p>\n\n\n\n<p>El presunto infractor fue detenido en la colonia Granjas de R\u00edo Medio, tras un dispositivo de b\u00fasqueda que se implement\u00f3 desde hace una semana, d\u00f3nde se hizo efectivo el mandamiento judicial en su contra, por la probable responsabilidad del delito de Abuso Sexual de Menores de Edad y De Personas Incapaces.<\/p>\n\n\n\n<p>Tras la detenci\u00f3n y revisi\u00f3n por parte de m\u00e9dico legista, el presunto pederasta fue trasladado a los juzgados de Playa Linda, donde dio inicio una audiencia inicial mediante la cual el Juez determinar\u00e1 la legalidad de su detenci\u00f3n, dentro del proceso penal 222\/2022-B.<\/p>\n\n\n\n<p>Liliana Nataly S.V. madre de la v\u00edctima y esposa del hoy imputado, declar\u00f3 en su denuncia, que los abusos dieron inicio a la par de la pandemia, ya que el hoy detenido perdi\u00f3 su empleo, y era ella qui\u00e9n ten\u00eda que salir del hogar para llevar el sustento a la casa.<\/p>\n\n\n\n<p>La v\u00edctima, qui\u00e9n en ese momento contaba con solo 8 a\u00f1os de edad, se quedaba sola en casa al cuidado de su padre, qui\u00e9n abusaba de ella aprovechando la ausencia de su madre.<\/p>\n\n\n\n<p>A pesar de las amenazas de muerte, la peque\u00f1a tuvo el valor de contarle todo a su madre a finales del 2021, cu\u00e1ndo termin\u00f3 su relaci\u00f3n sentimental con su padre, por lo que acudieron a interponer la denuncia ante la Fiscal\u00eda Especializada.<\/p>\n\n\n\n<p>Es de recordar que hace unos d\u00edas, Eduardo T. B., ya hab\u00eda sido detenido por la Secretar\u00eda de Seguridad P\u00fablica (SSP), luego de que presuntamente intent\u00f3 robarse a la menor y agredir a su ex esposa, por lo que vecinos lo sometieron y entregaron a los uniformados, pero horas m\u00e1s tarde fue puesto en libertad.<\/p>\n\n\n\n<p>En aquella ocasi\u00f3n familiares y amigos de la v\u00edctima, marcharon por las calles de R\u00edo Medio 4 (un d\u00eda despu\u00e9s) para exigir justicia, por lo que Fiscal General del Estado, Ver\u00f3nica Hern\u00e1ndez Giadans, tuvo que poner especial atenci\u00f3n al caso, y fue as\u00ed que se consigui\u00f3 la orden de aprehensi\u00f3n, para que responda conforme a derecho.<\/p>\n","protected":false},"excerpt":{"rendered":"<p>Alejandro \u00c1vila Veracruz, Ver.- La noche de este lunes fue detenido Eduardo T.B. tras cumplir la Polic\u00eda Ministerial una orden de aprehensi\u00f3n en su contra por el presunto delito de abuso sexual de su propia hija, a qui\u00e9n desde el a\u00f1o 2019 la ten\u00eda amenazada de muerte junto con su madre, si est\u00e1s lo denunciaban. [&hellip;]<\/p>\n","protected":false},"author":1,"featured_media":24981,"comment_status":"open","ping_status":"open","sticky":false,"template":"","format":"standard","meta":{"_jetpack_memberships_contains_paid_content":false,"footnotes":""},"categories":[14],"tags":[],"class_list":["post-24980","post","type-post","status-publish","format-standard","has-post-thumbnail","hentry","category-policiaca"],"jetpack_featured_media_url":"https:\/\/encuentroinformativo.com.mx\/wp-content\/uploads\/2022\/03\/CCF8A50F-BC35-4BA3-B170-4B5406D1DF19.jpeg","jetpack_sharing_enabled":true,"jetpack_likes_enabled":true,"amp_enabled":true,"_links":{"self":[{"href":"https:\/\/encuentroinformativo.com.mx\/index.php?rest_route=\/wp\/v2\/posts\/24980","targetHints":{"allow":["GET"]}}],"collection":[{"href":"https:\/\/encuentroinformativo.com.mx\/index.php?rest_route=\/wp\/v2\/posts"}],"about":[{"href":"https:\/\/encuentroinformativo.com.mx\/index.php?rest_route=\/wp\/v2\/types\/post"}],"author":[{"embeddable":true,"href":"https:\/\/encuentroinformativo.com.mx\/index.php?rest_route=\/wp\/v2\/users\/1"}],"replies":[{"embeddable":true,"href":"https:\/\/encuentroinformativo.com.mx\/index.php?rest_route=%2Fwp%2Fv2%2Fcomments&post=24980"}],"version-history":[{"count":1,"href":"https:\/\/encuentroinformativo.com.mx\/index.php?rest_route=\/wp\/v2\/posts\/24980\/revisions"}],"predecessor-version":[{"id":24982,"href":"https:\/\/encuentroinformativo.com.mx\/index.php?rest_route=\/wp\/v2\/posts\/24980\/revisions\/24982"}],"wp:featuredmedia":[{"embeddable":true,"href":"https:\/\/encuentroinformativo.com.mx\/index.php?rest_route=\/wp\/v2\/media\/24981"}],"wp:attachment":[{"href":"https:\/\/encuentroinformativo.com.mx\/index.php?rest_route=%2Fwp%2Fv2%2Fmedia&parent=24980"}],"wp:term":[{"taxonomy":"category","embeddable":true,"href":"https:\/\/encuentroinformativo.com.mx\/index.php?rest_route=%2Fwp%2Fv2%2Fcategories&post=24980"},{"taxonomy":"post_tag","embeddable":true,"href":"https:\/\/encuentroinformativo.com.mx\/index.php?rest_route=%2Fwp%2Fv2%2Ftags&post=24980"}],"curies":[{"name":"wp","href":"https:\/\/api.w.org\/{rel}","templated":true}]}}