{"id":24983,"date":"2022-03-22T10:13:36","date_gmt":"2022-03-22T16:13:36","guid":{"rendered":"https:\/\/encuentroinformativo.com.mx\/?p=24983"},"modified":"2022-03-22T10:13:38","modified_gmt":"2022-03-22T16:13:38","slug":"protesta-amotac-denuncian-inseguridad-en-carreteras","status":"publish","type":"post","link":"https:\/\/encuentroinformativo.com.mx\/?p=24983","title":{"rendered":"Protesta AMOTAC, denuncian inseguridad en carreteras"},"content":{"rendered":"\n<p><strong>Juan Arcos\/Dar\u00edo Pale <\/strong><\/p>\n\n\n\n<p>Xalapa, Ver.- Transportistas de carga pesada protestaron este martes 22 de marzo sobre el bulevar Xalapa-Banderilla, a la altura de la colonia 21 de Marzo, as\u00ed como en la localidad de Corral Falso, municipio de Emiliano Zapata, y en otras regiones del estado y del pa\u00eds.<\/p>\n\n\n\n<p>Se trata de integrantes de la Alianza Mexicana de Organizaciones Transportistas (Amotac), quienes exigieron mayor seguridad en las carreteras y rechazaron los elevados costos de los combustibles y las tarifas en casetas de peaje.<\/p>\n\n\n\n<p>Los quejosos dejaron libres dos carriles sobre el bulevar Xalapa-Banderilla, en ambos sentidos, tanto hacia la Ciudad de M\u00e9xico como al puerto de Veracruz; sin embargo, la movilizaci\u00f3n gener\u00f3 un gran caos vial en la zona.<\/p>\n\n\n\n<p>De acuerdo con Juan Ciro Dur\u00e1n Mendoza, delegado de Amotac en Veracruz, en la regi\u00f3n de Xalapa se sumaron a la manifestaci\u00f3n m\u00e1s de mil conductores y a nivel estatal son cerca de 3 mil 500.<\/p>\n\n\n\n<p>\u201cHoy la delincuencia est\u00e1 m\u00e1s protegida que nosotros los ciudadanos, en este lapso que llevamos de tres meses llevamos 14 en el Estado&#8221;, enfatiz\u00f3.<\/p>\n\n\n\n<p>&#8220;Nos abarca casi todo lo que es de Punta Prieto hasta La Venta, el otro punto que tenemos es de Totalco a La Venta, les roban y matan al operador&#8221;, acus\u00f3 y lament\u00f3 que en estos cr\u00edmenes se vean involucrados &#8220;chamacos&#8221; de 20 a\u00f1os o menos.<\/p>\n\n\n\n<p>Se calcula que en todo el pa\u00eds se movilizaron cerca de 850 mil transportistas de carga pesada en las principales carreteras.<\/p>\n\n\n\n<p>Los transportistas est\u00e1n en contra de la \u201cCarta Porte\u201d, una nueva disposici\u00f3n del Servicio de Administraci\u00f3n Tributaria (SAT) que comenz\u00f3 a aplicarse este 2022.<\/p>\n\n\n\n<p>Se trata de un oficio fiscal emitido para amparar el traslado de mercanc\u00edas en territorio nacional, con el cual la Secretar\u00eda de Hacienda y Cr\u00e9dito P\u00fablico (SHCP) busca facturar movimientos de carga de manera digital.<\/p>\n\n\n\n<p>A su juicio, esta situaci\u00f3n podr\u00eda ocasionarles conflictos legales, toda vez que en ocasiones circulan en localidades que carecen de internet para cumplir con el requisito del SAT.<\/p>\n\n\n\n<p>Dur\u00e1n Mendoza indic\u00f3 que lo m\u00e1s preocupante es la seguridad en las carreteras, pues a diario asaltan y hasta asesinan a los conductores en distintas regiones del pa\u00eds.\u00a0<br>Adem\u00e1s, demandaron el reemplacamiento por parte de la Secretar\u00eda de Comunicaciones y Transportes (SCT) para los veh\u00edculos de carga pesada y turismo de modelo atrasado ya registrados.<\/p>\n\n\n\n<p>Los transportistas se concentraron tambi\u00e9n en el Valle de Perote, Altotonga, Minatitl\u00e1n, Ciudad Mendoza, Orizaba, C\u00f3rdoba, Tuxpan y Nautla.<\/p>\n\n\n\n<figure class=\"wp-block-image size-large\"><img loading=\"lazy\" decoding=\"async\" width=\"1024\" height=\"768\" src=\"https:\/\/encuentroinformativo.com.mx\/wp-content\/uploads\/2022\/03\/73D6DE3B-1BCD-4727-BC3A-C3CCFD9D4FCA-1024x768.jpeg\" alt=\"\" class=\"wp-image-24985\" srcset=\"https:\/\/encuentroinformativo.com.mx\/wp-content\/uploads\/2022\/03\/73D6DE3B-1BCD-4727-BC3A-C3CCFD9D4FCA-1024x768.jpeg 1024w, https:\/\/encuentroinformativo.com.mx\/wp-content\/uploads\/2022\/03\/73D6DE3B-1BCD-4727-BC3A-C3CCFD9D4FCA-300x225.jpeg 300w, https:\/\/encuentroinformativo.com.mx\/wp-content\/uploads\/2022\/03\/73D6DE3B-1BCD-4727-BC3A-C3CCFD9D4FCA-768x576.jpeg 768w, https:\/\/encuentroinformativo.com.mx\/wp-content\/uploads\/2022\/03\/73D6DE3B-1BCD-4727-BC3A-C3CCFD9D4FCA.jpeg 1320w\" sizes=\"auto, (max-width: 1024px) 100vw, 1024px\" \/><\/figure>\n\n\n\n<figure class=\"wp-block-image size-large\"><img loading=\"lazy\" decoding=\"async\" width=\"1024\" height=\"768\" src=\"https:\/\/encuentroinformativo.com.mx\/wp-content\/uploads\/2022\/03\/08F496D3-BD61-4086-B5D9-9E33F5099A3C-1024x768.jpeg\" alt=\"\" class=\"wp-image-24986\" srcset=\"https:\/\/encuentroinformativo.com.mx\/wp-content\/uploads\/2022\/03\/08F496D3-BD61-4086-B5D9-9E33F5099A3C-1024x768.jpeg 1024w, https:\/\/encuentroinformativo.com.mx\/wp-content\/uploads\/2022\/03\/08F496D3-BD61-4086-B5D9-9E33F5099A3C-300x225.jpeg 300w, https:\/\/encuentroinformativo.com.mx\/wp-content\/uploads\/2022\/03\/08F496D3-BD61-4086-B5D9-9E33F5099A3C-768x576.jpeg 768w, https:\/\/encuentroinformativo.com.mx\/wp-content\/uploads\/2022\/03\/08F496D3-BD61-4086-B5D9-9E33F5099A3C-1536x1152.jpeg 1536w, https:\/\/encuentroinformativo.com.mx\/wp-content\/uploads\/2022\/03\/08F496D3-BD61-4086-B5D9-9E33F5099A3C.jpeg 2016w\" sizes=\"auto, (max-width: 1024px) 100vw, 1024px\" \/><\/figure>\n","protected":false},"excerpt":{"rendered":"<p>Juan Arcos\/Dar\u00edo Pale Xalapa, Ver.- Transportistas de carga pesada protestaron este martes 22 de marzo sobre el bulevar Xalapa-Banderilla, a la altura de la colonia 21 de Marzo, as\u00ed como en la localidad de Corral Falso, municipio de Emiliano Zapata, y en otras regiones del estado y del pa\u00eds. Se trata de integrantes de la [&hellip;]<\/p>\n","protected":false},"author":1,"featured_media":24984,"comment_status":"open","ping_status":"open","sticky":false,"template":"","format":"standard","meta":{"_jetpack_memberships_contains_paid_content":false,"footnotes":""},"categories":[2],"tags":[],"class_list":["post-24983","post","type-post","status-publish","format-standard","has-post-thumbnail","hentry","category-estado"],"jetpack_featured_media_url":"https:\/\/encuentroinformativo.com.mx\/wp-content\/uploads\/2022\/03\/FE2491B4-1976-4AB3-9AB4-617ABF7E5AFE.jpeg","jetpack_sharing_enabled":true,"jetpack_likes_enabled":true,"amp_enabled":true,"_links":{"self":[{"href":"https:\/\/encuentroinformativo.com.mx\/index.php?rest_route=\/wp\/v2\/posts\/24983","targetHints":{"allow":["GET"]}}],"collection":[{"href":"https:\/\/encuentroinformativo.com.mx\/index.php?rest_route=\/wp\/v2\/posts"}],"about":[{"href":"https:\/\/encuentroinformativo.com.mx\/index.php?rest_route=\/wp\/v2\/types\/post"}],"author":[{"embeddable":true,"href":"https:\/\/encuentroinformativo.com.mx\/index.php?rest_route=\/wp\/v2\/users\/1"}],"replies":[{"embeddable":true,"href":"https:\/\/encuentroinformativo.com.mx\/index.php?rest_route=%2Fwp%2Fv2%2Fcomments&post=24983"}],"version-history":[{"count":1,"href":"https:\/\/encuentroinformativo.com.mx\/index.php?rest_route=\/wp\/v2\/posts\/24983\/revisions"}],"predecessor-version":[{"id":24987,"href":"https:\/\/encuentroinformativo.com.mx\/index.php?rest_route=\/wp\/v2\/posts\/24983\/revisions\/24987"}],"wp:featuredmedia":[{"embeddable":true,"href":"https:\/\/encuentroinformativo.com.mx\/index.php?rest_route=\/wp\/v2\/media\/24984"}],"wp:attachment":[{"href":"https:\/\/encuentroinformativo.com.mx\/index.php?rest_route=%2Fwp%2Fv2%2Fmedia&parent=24983"}],"wp:term":[{"taxonomy":"category","embeddable":true,"href":"https:\/\/encuentroinformativo.com.mx\/index.php?rest_route=%2Fwp%2Fv2%2Fcategories&post=24983"},{"taxonomy":"post_tag","embeddable":true,"href":"https:\/\/encuentroinformativo.com.mx\/index.php?rest_route=%2Fwp%2Fv2%2Ftags&post=24983"}],"curies":[{"name":"wp","href":"https:\/\/api.w.org\/{rel}","templated":true}]}}