{"id":24988,"date":"2022-03-22T10:43:04","date_gmt":"2022-03-22T16:43:04","guid":{"rendered":"https:\/\/encuentroinformativo.com.mx\/?p=24988"},"modified":"2022-03-22T10:43:08","modified_gmt":"2022-03-22T16:43:08","slug":"acuden-jovenes-con-amparo-por-segunda-dosis-de-vacuna","status":"publish","type":"post","link":"https:\/\/encuentroinformativo.com.mx\/?p=24988","title":{"rendered":"Acuden j\u00f3venes con amparo por segunda dosis de vacuna"},"content":{"rendered":"\n<p>Xalapa, Ver.- Este martes en el Centro de Salud, \u201cGast\u00f3n Melo\u201d se dieron cita 66 menores que acuden para recibir la segunda dosis y 18 que recibir\u00e1n la primera dosis contra covid de la marca <em>Pfizer<\/em>.<\/p>\n\n\n\n<p>Esta vacuna la reciben tras ganar amparos ante el Poder Judicial de la Federaci\u00f3n que ha promovido la diputada federal, MaryJose Gamboa beneficiando a j\u00f3venes de Veracruz, Boca del R\u00edo, Medell\u00edn, Jamapa y Manlio Fabio Altamirano.<\/p>\n\n\n\n<figure class=\"wp-block-image size-large\"><img loading=\"lazy\" decoding=\"async\" width=\"1024\" height=\"683\" src=\"https:\/\/encuentroinformativo.com.mx\/wp-content\/uploads\/2022\/03\/DE7C4A0B-0E2E-4570-B757-05922975B2E4-1024x683.jpeg\" alt=\"\" class=\"wp-image-24990\" srcset=\"https:\/\/encuentroinformativo.com.mx\/wp-content\/uploads\/2022\/03\/DE7C4A0B-0E2E-4570-B757-05922975B2E4-1024x683.jpeg 1024w, https:\/\/encuentroinformativo.com.mx\/wp-content\/uploads\/2022\/03\/DE7C4A0B-0E2E-4570-B757-05922975B2E4-300x200.jpeg 300w, https:\/\/encuentroinformativo.com.mx\/wp-content\/uploads\/2022\/03\/DE7C4A0B-0E2E-4570-B757-05922975B2E4-768x512.jpeg 768w, https:\/\/encuentroinformativo.com.mx\/wp-content\/uploads\/2022\/03\/DE7C4A0B-0E2E-4570-B757-05922975B2E4.jpeg 1488w\" sizes=\"auto, (max-width: 1024px) 100vw, 1024px\" \/><\/figure>\n\n\n\n<figure class=\"wp-block-image size-large\"><img loading=\"lazy\" decoding=\"async\" width=\"1024\" height=\"683\" src=\"https:\/\/encuentroinformativo.com.mx\/wp-content\/uploads\/2022\/03\/4801C6C4-82B2-4DD3-BD80-60A1341EF743-1024x683.jpeg\" alt=\"\" class=\"wp-image-24991\" srcset=\"https:\/\/encuentroinformativo.com.mx\/wp-content\/uploads\/2022\/03\/4801C6C4-82B2-4DD3-BD80-60A1341EF743-1024x683.jpeg 1024w, https:\/\/encuentroinformativo.com.mx\/wp-content\/uploads\/2022\/03\/4801C6C4-82B2-4DD3-BD80-60A1341EF743-300x200.jpeg 300w, https:\/\/encuentroinformativo.com.mx\/wp-content\/uploads\/2022\/03\/4801C6C4-82B2-4DD3-BD80-60A1341EF743-768x512.jpeg 768w, https:\/\/encuentroinformativo.com.mx\/wp-content\/uploads\/2022\/03\/4801C6C4-82B2-4DD3-BD80-60A1341EF743.jpeg 1488w\" sizes=\"auto, (max-width: 1024px) 100vw, 1024px\" \/><\/figure>\n","protected":false},"excerpt":{"rendered":"<p>Xalapa, Ver.- Este martes en el Centro de Salud, \u201cGast\u00f3n Melo\u201d se dieron cita 66 menores que acuden para recibir la segunda dosis y 18 que recibir\u00e1n la primera dosis contra covid de la marca Pfizer. Esta vacuna la reciben tras ganar amparos ante el Poder Judicial de la Federaci\u00f3n que ha promovido la diputada [&hellip;]<\/p>\n","protected":false},"author":1,"featured_media":24989,"comment_status":"open","ping_status":"open","sticky":false,"template":"","format":"standard","meta":{"_jetpack_memberships_contains_paid_content":false,"footnotes":""},"categories":[9],"tags":[],"class_list":["post-24988","post","type-post","status-publish","format-standard","has-post-thumbnail","hentry","category-salud"],"jetpack_featured_media_url":"https:\/\/encuentroinformativo.com.mx\/wp-content\/uploads\/2022\/03\/7F9C0426-574C-4445-82F8-1B641DBAB1BC.jpeg","jetpack_sharing_enabled":true,"jetpack_likes_enabled":true,"amp_enabled":true,"_links":{"self":[{"href":"https:\/\/encuentroinformativo.com.mx\/index.php?rest_route=\/wp\/v2\/posts\/24988","targetHints":{"allow":["GET"]}}],"collection":[{"href":"https:\/\/encuentroinformativo.com.mx\/index.php?rest_route=\/wp\/v2\/posts"}],"about":[{"href":"https:\/\/encuentroinformativo.com.mx\/index.php?rest_route=\/wp\/v2\/types\/post"}],"author":[{"embeddable":true,"href":"https:\/\/encuentroinformativo.com.mx\/index.php?rest_route=\/wp\/v2\/users\/1"}],"replies":[{"embeddable":true,"href":"https:\/\/encuentroinformativo.com.mx\/index.php?rest_route=%2Fwp%2Fv2%2Fcomments&post=24988"}],"version-history":[{"count":1,"href":"https:\/\/encuentroinformativo.com.mx\/index.php?rest_route=\/wp\/v2\/posts\/24988\/revisions"}],"predecessor-version":[{"id":24992,"href":"https:\/\/encuentroinformativo.com.mx\/index.php?rest_route=\/wp\/v2\/posts\/24988\/revisions\/24992"}],"wp:featuredmedia":[{"embeddable":true,"href":"https:\/\/encuentroinformativo.com.mx\/index.php?rest_route=\/wp\/v2\/media\/24989"}],"wp:attachment":[{"href":"https:\/\/encuentroinformativo.com.mx\/index.php?rest_route=%2Fwp%2Fv2%2Fmedia&parent=24988"}],"wp:term":[{"taxonomy":"category","embeddable":true,"href":"https:\/\/encuentroinformativo.com.mx\/index.php?rest_route=%2Fwp%2Fv2%2Fcategories&post=24988"},{"taxonomy":"post_tag","embeddable":true,"href":"https:\/\/encuentroinformativo.com.mx\/index.php?rest_route=%2Fwp%2Fv2%2Ftags&post=24988"}],"curies":[{"name":"wp","href":"https:\/\/api.w.org\/{rel}","templated":true}]}}