{"id":2499,"date":"2020-05-13T13:01:18","date_gmt":"2020-05-13T18:01:18","guid":{"rendered":"https:\/\/encuentroinformativo.com\/?p=2499"},"modified":"2020-05-13T13:01:18","modified_gmt":"2020-05-13T18:01:18","slug":"audiencias-de-ex-funcionarios-del-dif-podrian-retrasarse-abogado","status":"publish","type":"post","link":"https:\/\/encuentroinformativo.com.mx\/?p=2499","title":{"rendered":"Audiencias de ex funcionarios del DIF podr\u00edan retrasarse: Abogado"},"content":{"rendered":"\n<p><strong>Dar\u00edo Pale <\/strong><\/p>\n\n\n\n<p>Xalapa, Ver.- El abogado de Juli\u00e1n \u201cN\u201d ex director del Sistema Estatal para el Desarrollo Integral de la Familia (DIF) Gerson Villegas Contreras dio a conocer que la audiencia de seguimiento en el caso de los ex funcionarios, podr\u00eda aplazarse debido a la contingencia generada por el coronavirus COVID-19.<\/p>\n\n\n\n<p>Entrevistado en conocido caf\u00e9 del centro de Xalapa se\u00f1al\u00f3 que, ya que el juez de control dio t\u00e9rmino de un mes para investigaci\u00f3n complementaria pero que la audiencia podr\u00eda retrasarse a causa de la pandemia.<\/p>\n\n\n\n<p>Cabe se\u00f1alar que Juli\u00e1n \u201cN\u201d es uno de los ocho ex funcionarios de DIF, uno de los trabajadores m\u00e1s cercanos a Karime Mac\u00edas Tubilla, esposa del entonces gobernador Javier Duarte.<\/p>\n\n\n\n<p>\u201cPor la contingencia est\u00e1n paralizadas muchas situaciones \u00a0y puede ser que se postergue la audiencia por las cuestiones sanitarias\u201c, inform\u00f3.<\/p>\n\n\n\n<p>Finalmente se\u00f1al\u00f3 que contin\u00faan con su estrategia de defensa y realizaron la solicitud de amparo respecto a medidas cautelares y auto de vinculaci\u00f3n de proceso. \u00a0<\/p>\n\n\n\n<p><\/p>\n","protected":false},"excerpt":{"rendered":"<p>Dar\u00edo Pale Xalapa, Ver.- El abogado de Juli\u00e1n \u201cN\u201d ex director del Sistema Estatal para el Desarrollo Integral de la Familia (DIF) Gerson Villegas Contreras dio a conocer que la audiencia de seguimiento en el caso de los ex funcionarios, podr\u00eda aplazarse debido a la contingencia generada por el coronavirus COVID-19. Entrevistado en conocido caf\u00e9 [&hellip;]<\/p>\n","protected":false},"author":1,"featured_media":2500,"comment_status":"open","ping_status":"open","sticky":false,"template":"","format":"standard","meta":{"_jetpack_memberships_contains_paid_content":false,"footnotes":""},"categories":[2],"tags":[],"class_list":["post-2499","post","type-post","status-publish","format-standard","has-post-thumbnail","hentry","category-estado"],"jetpack_featured_media_url":"https:\/\/encuentroinformativo.com.mx\/wp-content\/uploads\/2020\/05\/AC9FA7A3-E2E5-4992-BE2A-694ED791AB0E.jpeg","jetpack_sharing_enabled":true,"jetpack_likes_enabled":true,"amp_enabled":true,"_links":{"self":[{"href":"https:\/\/encuentroinformativo.com.mx\/index.php?rest_route=\/wp\/v2\/posts\/2499","targetHints":{"allow":["GET"]}}],"collection":[{"href":"https:\/\/encuentroinformativo.com.mx\/index.php?rest_route=\/wp\/v2\/posts"}],"about":[{"href":"https:\/\/encuentroinformativo.com.mx\/index.php?rest_route=\/wp\/v2\/types\/post"}],"author":[{"embeddable":true,"href":"https:\/\/encuentroinformativo.com.mx\/index.php?rest_route=\/wp\/v2\/users\/1"}],"replies":[{"embeddable":true,"href":"https:\/\/encuentroinformativo.com.mx\/index.php?rest_route=%2Fwp%2Fv2%2Fcomments&post=2499"}],"version-history":[{"count":1,"href":"https:\/\/encuentroinformativo.com.mx\/index.php?rest_route=\/wp\/v2\/posts\/2499\/revisions"}],"predecessor-version":[{"id":2501,"href":"https:\/\/encuentroinformativo.com.mx\/index.php?rest_route=\/wp\/v2\/posts\/2499\/revisions\/2501"}],"wp:featuredmedia":[{"embeddable":true,"href":"https:\/\/encuentroinformativo.com.mx\/index.php?rest_route=\/wp\/v2\/media\/2500"}],"wp:attachment":[{"href":"https:\/\/encuentroinformativo.com.mx\/index.php?rest_route=%2Fwp%2Fv2%2Fmedia&parent=2499"}],"wp:term":[{"taxonomy":"category","embeddable":true,"href":"https:\/\/encuentroinformativo.com.mx\/index.php?rest_route=%2Fwp%2Fv2%2Fcategories&post=2499"},{"taxonomy":"post_tag","embeddable":true,"href":"https:\/\/encuentroinformativo.com.mx\/index.php?rest_route=%2Fwp%2Fv2%2Ftags&post=2499"}],"curies":[{"name":"wp","href":"https:\/\/api.w.org\/{rel}","templated":true}]}}