{"id":25,"date":"2020-02-24T03:26:08","date_gmt":"2020-02-24T03:26:08","guid":{"rendered":"https:\/\/encuentroinformativodotcomdotmx.wordpress.com\/?p=25"},"modified":"2020-03-04T08:41:56","modified_gmt":"2020-03-04T08:41:56","slug":"xalapa-octavo-lugar-en-casos-de-feminicidios","status":"publish","type":"post","link":"https:\/\/encuentroinformativo.com.mx\/?p=25","title":{"rendered":"Xalapa octavo lugar en casos de Feminicidios"},"content":{"rendered":"<p><strong>Juan Arcos<br \/>\n<\/strong><br \/>\nXalapa, Ver.- Xalapa es el octavo municipio del pa\u00eds con mayor n\u00famero de feminicidios.<\/p>\n<p>As\u00ed lo dio a conocer Abigail Pereda Hern\u00e1ndez, secretaria general del Comit\u00e9 Directivo Municipal del Partido Acci\u00f3n Nacional (PAN).<\/p>\n<p>A su juicio, es lamentable que de los 2 mil 458 municipios que hay en toda la Rep\u00fablica Mexicana, la capital del estado ocupe la posici\u00f3n mencionada.<\/p>\n<p>Indic\u00f3 que Veracruz es el estado con m\u00e1s feminicidios a nivel nacional.<\/p>\n<p>Adem\u00e1s, enfatiz\u00f3 que esta entidad federativa es la m\u00e1s peligrosa para las ni\u00f1as.<\/p>\n<p>\u201cEn registros de 2015 a 2019 dan cuenta de un incremento que es alarmante, las menores v\u00edctimas subieron un 37 por ciento solamente en 2019\u201d, agreg\u00f3 Pereda Hern\u00e1ndez.<\/p>\n<p>La Secretaria General del PAN municipal refiri\u00f3 que por dicho panorama, las mujeres de este partido pol\u00edtico se suman a la convocatoria de las organizaciones civiles para visibilizar este grave problema.<\/p>\n<p>\u201cM\u00e9xico se suma a las acciones de Un D\u00eda Sin Nosotras. Es la exigencia de que el gobierno reconozca que sufrimos inseguridad y que cumpla con su obligaci\u00f3n de velar por la seguridad de las y los veracruzanos, de las y los xalape\u00f1os\u201d, culmin\u00f3.<\/p>\n","protected":false},"excerpt":{"rendered":"<p>Juan Arcos Xalapa, Ver.- Xalapa es el octavo municipio del pa\u00eds con mayor n\u00famero de feminicidios. As\u00ed lo dio a conocer Abigail Pereda Hern\u00e1ndez, secretaria general del Comit\u00e9 Directivo Municipal del Partido Acci\u00f3n Nacional (PAN). A su juicio, es lamentable que de los 2 mil 458 municipios que hay en toda la Rep\u00fablica Mexicana, la [&hellip;]<\/p>\n","protected":false},"author":1,"featured_media":30,"comment_status":"open","ping_status":"open","sticky":false,"template":"","format":"standard","meta":{"_jetpack_memberships_contains_paid_content":false,"footnotes":""},"categories":[3],"tags":[5],"class_list":["post-25","post","type-post","status-publish","format-standard","has-post-thumbnail","hentry","category-xalapa","tag-feminicidios-mujeres"],"jetpack_featured_media_url":"https:\/\/encuentroinformativo.com.mx\/wp-content\/uploads\/2020\/02\/4ed7d92f-3af5-40c9-9f55-4ba6dd7826e8.jpg","jetpack_sharing_enabled":true,"jetpack_likes_enabled":true,"amp_enabled":true,"_links":{"self":[{"href":"https:\/\/encuentroinformativo.com.mx\/index.php?rest_route=\/wp\/v2\/posts\/25","targetHints":{"allow":["GET"]}}],"collection":[{"href":"https:\/\/encuentroinformativo.com.mx\/index.php?rest_route=\/wp\/v2\/posts"}],"about":[{"href":"https:\/\/encuentroinformativo.com.mx\/index.php?rest_route=\/wp\/v2\/types\/post"}],"author":[{"embeddable":true,"href":"https:\/\/encuentroinformativo.com.mx\/index.php?rest_route=\/wp\/v2\/users\/1"}],"replies":[{"embeddable":true,"href":"https:\/\/encuentroinformativo.com.mx\/index.php?rest_route=%2Fwp%2Fv2%2Fcomments&post=25"}],"version-history":[{"count":1,"href":"https:\/\/encuentroinformativo.com.mx\/index.php?rest_route=\/wp\/v2\/posts\/25\/revisions"}],"predecessor-version":[{"id":378,"href":"https:\/\/encuentroinformativo.com.mx\/index.php?rest_route=\/wp\/v2\/posts\/25\/revisions\/378"}],"wp:featuredmedia":[{"embeddable":true,"href":"https:\/\/encuentroinformativo.com.mx\/index.php?rest_route=\/wp\/v2\/media\/30"}],"wp:attachment":[{"href":"https:\/\/encuentroinformativo.com.mx\/index.php?rest_route=%2Fwp%2Fv2%2Fmedia&parent=25"}],"wp:term":[{"taxonomy":"category","embeddable":true,"href":"https:\/\/encuentroinformativo.com.mx\/index.php?rest_route=%2Fwp%2Fv2%2Fcategories&post=25"},{"taxonomy":"post_tag","embeddable":true,"href":"https:\/\/encuentroinformativo.com.mx\/index.php?rest_route=%2Fwp%2Fv2%2Ftags&post=25"}],"curies":[{"name":"wp","href":"https:\/\/api.w.org\/{rel}","templated":true}]}}