{"id":250,"date":"2020-02-29T16:31:41","date_gmt":"2020-02-29T22:31:41","guid":{"rendered":"https:\/\/encuentroinformativodotcomdotmx.wordpress.com\/2020\/02\/29\/descarta-titular-del-orfis-conflicto-de-interes-con-cuenta-publica\/"},"modified":"2020-02-29T16:31:41","modified_gmt":"2020-02-29T22:31:41","slug":"descarta-titular-del-orfis-conflicto-de-interes-con-cuenta-publica","status":"publish","type":"post","link":"https:\/\/encuentroinformativo.com.mx\/?p=250","title":{"rendered":"Descarta titular del ORFIS conflicto de inter\u00e9s con cuenta p\u00fablica"},"content":{"rendered":"\n<figure class=\"wp-block-image size-large\"><img loading=\"lazy\" decoding=\"async\" width=\"708\" height=\"433\" src=\"https:\/\/encuentroinformativo.com.mx\/wp-content\/uploads\/2020\/02\/46fd998c-83e9-4215-aee8-d8065f9e8f8e-1.jpg?w=708\" alt=\"\" class=\"wp-image-249\" srcset=\"https:\/\/encuentroinformativo.com.mx\/wp-content\/uploads\/2020\/02\/46fd998c-83e9-4215-aee8-d8065f9e8f8e-1.jpg 708w, https:\/\/encuentroinformativo.com.mx\/wp-content\/uploads\/2020\/02\/46fd998c-83e9-4215-aee8-d8065f9e8f8e-1-300x183.jpg 300w\" sizes=\"auto, (max-width: 708px) 100vw, 708px\" \/><\/figure>\n\n\n\n<p>Dar\u00edo Pale <\/p>\n\n\n\n<p>Xalapa, Ver.- Despu\u00e9s de que laborara como Procuradora Fiscal por 9 meses en la administraci\u00f3n del gobernador del estado Cuitl\u00e1huac Garc\u00eda Jim\u00e9nez, la actual Auditora General del Estado, Delia Gonz\u00e1lez Cobos, descart\u00f3 que exista un conflicto de inter\u00e9s al revisar la cuenta p\u00fablica 2019, primer a\u00f1o de la administraci\u00f3n.<\/p>\n\n\n\n<p>En entrevista se\u00f1al\u00f3 que ella fue Procuradora Fiscal de la Secretar\u00eda de Finanzas, deb\u00eda llevar la defensa jur\u00eddica del cobro de impuestos, no se hizo cargo del manejo de los recursos p\u00fablicos, por lo que consider\u00f3 que no hay alg\u00fan conflicto al revisar el manejo del gasto del primer a\u00f1o del gobierno de Morena.<\/p>\n\n\n\n<p>La titular del \u00d3rgano de Fiscalizaci\u00f3n Superior reconoci\u00f3 que ya hay un calendario establecido, pero es \u00fatil que ya se est\u00e9n remitiendo las cuentas, pues eso les permitir\u00e1 avanzar ante el corto periodo de revisi\u00f3n.<\/p>\n\n\n\n<p>El Orfis tiene de mayo a octubre para auditar, notificar pliegos de observaciones y remitir el Informe de Resultados a los diputados locales que, de acuerdo con la ley, deben aprobar el documento antes del 31 de octubre de este mismo a\u00f1o.<\/p>\n\n\n\n<p>La Auditora reiter\u00f3 que no se van a contratar despachos externos para auditar el manejo financiero, por lo que deben redoblar esfuerzos en los siguientes meses para garantizar la emisi\u00f3n del informe de resultados.<\/p>\n\n\n\n<p>Explic\u00f3 que ya se empez\u00f3 con la recepci\u00f3n de los informes del gasto p\u00fablico de ayuntamientos y organismos aut\u00f3nomos, y en el caso del Ejecutivo, tiene hasta mayo para entregar la documentaci\u00f3n que justifica la inversi\u00f3n del presupuesto de su primer a\u00f1o de gobierno.<\/p>\n\n\n\n<p>\u201cEstamos recibiendo en estos momentos de los entes fiscalizables, especialmente de los municipios, hemos estado recibiendo la documentaci\u00f3n, vamos a empezar a revisar ya\u201d, se\u00f1al\u00f3.<\/p>\n\n\n\n<p>Por \u00faltimo cabe se\u00f1alar que del portal de Orfis detallan que ya se remitieron los informes de la Comisi\u00f3n Estatal de los Derechos Humanos (CEDH); del Tribunal de Justicia Administrativa (TEJAV), Fiscal\u00eda General del Estado (FGE); y el Instituto Veracruzano de Acceso a la Informaci\u00f3n y Protecci\u00f3n de Datos Personales (IVAI).<\/p>\n\n\n\n<p><\/p>\n","protected":false},"excerpt":{"rendered":"<p>Dar\u00edo Pale Xalapa, Ver.- Despu\u00e9s de que laborara como Procuradora Fiscal por 9 meses en la administraci\u00f3n del gobernador del estado Cuitl\u00e1huac Garc\u00eda Jim\u00e9nez, la actual Auditora General del Estado, Delia Gonz\u00e1lez Cobos, descart\u00f3 que exista un conflicto de inter\u00e9s al revisar la cuenta p\u00fablica 2019, primer a\u00f1o de la administraci\u00f3n. En entrevista se\u00f1al\u00f3 que [&hellip;]<\/p>\n","protected":false},"author":1,"featured_media":248,"comment_status":"open","ping_status":"open","sticky":false,"template":"","format":"standard","meta":{"_jetpack_memberships_contains_paid_content":false,"footnotes":""},"categories":[2],"tags":[],"class_list":["post-250","post","type-post","status-publish","format-standard","has-post-thumbnail","hentry","category-estado"],"jetpack_featured_media_url":"https:\/\/encuentroinformativo.com.mx\/wp-content\/uploads\/2020\/02\/46fd998c-83e9-4215-aee8-d8065f9e8f8e.jpg","jetpack_sharing_enabled":true,"jetpack_likes_enabled":true,"amp_enabled":true,"_links":{"self":[{"href":"https:\/\/encuentroinformativo.com.mx\/index.php?rest_route=\/wp\/v2\/posts\/250","targetHints":{"allow":["GET"]}}],"collection":[{"href":"https:\/\/encuentroinformativo.com.mx\/index.php?rest_route=\/wp\/v2\/posts"}],"about":[{"href":"https:\/\/encuentroinformativo.com.mx\/index.php?rest_route=\/wp\/v2\/types\/post"}],"author":[{"embeddable":true,"href":"https:\/\/encuentroinformativo.com.mx\/index.php?rest_route=\/wp\/v2\/users\/1"}],"replies":[{"embeddable":true,"href":"https:\/\/encuentroinformativo.com.mx\/index.php?rest_route=%2Fwp%2Fv2%2Fcomments&post=250"}],"version-history":[{"count":0,"href":"https:\/\/encuentroinformativo.com.mx\/index.php?rest_route=\/wp\/v2\/posts\/250\/revisions"}],"wp:featuredmedia":[{"embeddable":true,"href":"https:\/\/encuentroinformativo.com.mx\/index.php?rest_route=\/wp\/v2\/media\/248"}],"wp:attachment":[{"href":"https:\/\/encuentroinformativo.com.mx\/index.php?rest_route=%2Fwp%2Fv2%2Fmedia&parent=250"}],"wp:term":[{"taxonomy":"category","embeddable":true,"href":"https:\/\/encuentroinformativo.com.mx\/index.php?rest_route=%2Fwp%2Fv2%2Fcategories&post=250"},{"taxonomy":"post_tag","embeddable":true,"href":"https:\/\/encuentroinformativo.com.mx\/index.php?rest_route=%2Fwp%2Fv2%2Ftags&post=250"}],"curies":[{"name":"wp","href":"https:\/\/api.w.org\/{rel}","templated":true}]}}