{"id":25005,"date":"2022-03-22T13:45:49","date_gmt":"2022-03-22T19:45:49","guid":{"rendered":"https:\/\/encuentroinformativo.com.mx\/?p=25005"},"modified":"2022-03-22T13:45:52","modified_gmt":"2022-03-22T19:45:52","slug":"amparos-no-aplican-para-vacunar-a-menores-de-12-anos-diputada","status":"publish","type":"post","link":"https:\/\/encuentroinformativo.com.mx\/?p=25005","title":{"rendered":"Amparos no aplican para vacunar a menores de 12 a\u00f1os: Diputada"},"content":{"rendered":"\n<p><strong>Dar\u00edo Pale <\/strong><\/p>\n\n\n\n<p>Xalapa, Ver.- La diputada federal Mar\u00eda Josefina Gamboa Torales dio a conocer que en M\u00e9xico no se est\u00e1n otorgando amparos para vacunar a menores de cinco a 12 a\u00f1os, pues la Comisi\u00f3n Nacional para los Riesgos Sanitarios (Cofepris) no ha autorizado aplicar el biol\u00f3gico a ese grupo de edad.<\/p>\n\n\n\n<p>En entrevista se\u00f1al\u00f3 que, se han presentado algunos amparos, pero los jueces argumentan que como no est\u00e1 autorizado por Cofepris no se puede autorizar a los padres de los menores a vacunarlos.<\/p>\n\n\n\n<p>Explic\u00f3 que han consultado con la Comisi\u00f3n de Riesgos Sanitarios sobre su negativa de vacunar a los menores, cuando la Organizaci\u00f3n Mundial de la Salud ya autoriz\u00f3 el uso del biol\u00f3gico en ese grupo de edad.<\/p>\n\n\n\n<p>\u201cUstedes recordaran que no quer\u00edan vacunar a los de 15, 16 y 17 y nos quedamos con 12, 13 y 14 y estamos luchando que Cofepris entre en raz\u00f3n y deje que se vacunen de cinco a 12. Si se puede otorgar amparos, pero el criterio de los jueces es decir no\u201d, se\u00f1al\u00f3.<\/p>\n\n\n\n<p>A nivel internacional se ha demostrado la eficiencia de la vacuna en los menores, pues es evidente que los ni\u00f1os tambi\u00e9n se contagian de covid, sumado a que se les esta obligando a clases presenciales, \u201clos contagios no han disminuido, y eso no disminuye con la vacuna, disminuye el riesgo de que se contagien\u201d, argument\u00f3.<\/p>\n\n\n\n<p>Finalmente dio a conocer que ella ha tramitado m\u00e1s de mil 400 amparos para que menores desde los 12 y hasta los 18 a\u00f1os sean vacunados, este martes acudieron 72 por su segunda dosis, y 12 por la primera vacuna a la cl\u00ednica Gast\u00f3n Melo, donde fue entrevistada la legisladora federal.<\/p>\n\n\n\n<p><\/p>\n","protected":false},"excerpt":{"rendered":"<p>Dar\u00edo Pale Xalapa, Ver.- La diputada federal Mar\u00eda Josefina Gamboa Torales dio a conocer que en M\u00e9xico no se est\u00e1n otorgando amparos para vacunar a menores de cinco a 12 a\u00f1os, pues la Comisi\u00f3n Nacional para los Riesgos Sanitarios (Cofepris) no ha autorizado aplicar el biol\u00f3gico a ese grupo de edad. En entrevista se\u00f1al\u00f3 que, [&hellip;]<\/p>\n","protected":false},"author":1,"featured_media":25006,"comment_status":"open","ping_status":"open","sticky":false,"template":"","format":"standard","meta":{"_jetpack_memberships_contains_paid_content":false,"footnotes":""},"categories":[9],"tags":[],"class_list":["post-25005","post","type-post","status-publish","format-standard","has-post-thumbnail","hentry","category-salud"],"jetpack_featured_media_url":"https:\/\/encuentroinformativo.com.mx\/wp-content\/uploads\/2022\/03\/B280BE6D-922F-4207-92D5-101A8EFC5F4C.jpeg","jetpack_sharing_enabled":true,"jetpack_likes_enabled":true,"amp_enabled":true,"_links":{"self":[{"href":"https:\/\/encuentroinformativo.com.mx\/index.php?rest_route=\/wp\/v2\/posts\/25005","targetHints":{"allow":["GET"]}}],"collection":[{"href":"https:\/\/encuentroinformativo.com.mx\/index.php?rest_route=\/wp\/v2\/posts"}],"about":[{"href":"https:\/\/encuentroinformativo.com.mx\/index.php?rest_route=\/wp\/v2\/types\/post"}],"author":[{"embeddable":true,"href":"https:\/\/encuentroinformativo.com.mx\/index.php?rest_route=\/wp\/v2\/users\/1"}],"replies":[{"embeddable":true,"href":"https:\/\/encuentroinformativo.com.mx\/index.php?rest_route=%2Fwp%2Fv2%2Fcomments&post=25005"}],"version-history":[{"count":1,"href":"https:\/\/encuentroinformativo.com.mx\/index.php?rest_route=\/wp\/v2\/posts\/25005\/revisions"}],"predecessor-version":[{"id":25007,"href":"https:\/\/encuentroinformativo.com.mx\/index.php?rest_route=\/wp\/v2\/posts\/25005\/revisions\/25007"}],"wp:featuredmedia":[{"embeddable":true,"href":"https:\/\/encuentroinformativo.com.mx\/index.php?rest_route=\/wp\/v2\/media\/25006"}],"wp:attachment":[{"href":"https:\/\/encuentroinformativo.com.mx\/index.php?rest_route=%2Fwp%2Fv2%2Fmedia&parent=25005"}],"wp:term":[{"taxonomy":"category","embeddable":true,"href":"https:\/\/encuentroinformativo.com.mx\/index.php?rest_route=%2Fwp%2Fv2%2Fcategories&post=25005"},{"taxonomy":"post_tag","embeddable":true,"href":"https:\/\/encuentroinformativo.com.mx\/index.php?rest_route=%2Fwp%2Fv2%2Ftags&post=25005"}],"curies":[{"name":"wp","href":"https:\/\/api.w.org\/{rel}","templated":true}]}}