{"id":25009,"date":"2022-03-22T14:18:07","date_gmt":"2022-03-22T20:18:07","guid":{"rendered":"https:\/\/encuentroinformativo.com.mx\/?p=25009"},"modified":"2022-03-22T14:18:11","modified_gmt":"2022-03-22T20:18:11","slug":"siguen-sin-atender-afectaciones-por-grace-reconoce-siop","status":"publish","type":"post","link":"https:\/\/encuentroinformativo.com.mx\/?p=25009","title":{"rendered":"Siguen sin atender afectaciones por Grace, reconoce SIOP"},"content":{"rendered":"\n<p><strong>Dar\u00edo Pale<\/strong><\/p>\n\n\n\n<p>Xalapa, Ver.- El titular de la Secretar\u00eda de Infraestructura y Obras P\u00fablicas (SIOP), Elio Hern\u00e1ndez Guti\u00e9rrez, podr\u00eda ser que a mediados de este a\u00f1o empiecen a realizar la reparaci\u00f3n de los da\u00f1os ocasionados por el hurac\u00e1n Grace ya que son afectaciones por mil 200 millones de pesos.<\/p>\n\n\n\n<p>En entrevista se\u00f1al\u00f3 que en los tres a\u00f1os de administraci\u00f3n llevan m\u00e1s de 600 obras entre calles y carreteras, est\u00e1n trabajando de forma coordinada entre el estado y la federaci\u00f3n.<\/p>\n\n\n\n<p>Muchos tramos carreteros son federales pero lament\u00f3 que el recurso no les alcanza, han tratado de invertir en los 212 municipios, realizan aproximadamente 200 obras al a\u00f1o.<\/p>\n\n\n\n<p>En cuanto a las afectaciones en carreteras coment\u00f3 que los da\u00f1os ocasionados por el hurac\u00e1n <em>Grace<\/em>, ya que fueron mil 200 millones de afectaciones en la zona norte, la SCT trae 600 millones (ahora es la SICT) el estado tiene que poner los otros 600 millones.<\/p>\n\n\n\n<p>&#8220;El secretario Lima ya est\u00e1 en busca de ese recurso y cuando empiece a llegar empezaremos a hacer las obras, yo creo que a mediados de a\u00f1o empiezan a llegar los recursos y empezaremos a hacer esa obra mientras al parecer la SCT esta licitando lo que a ellos les corresponde&#8221;, se\u00f1al\u00f3.<\/p>\n\n\n\n<p>En cuanto a los se\u00f1alamientos que hizo el PT sobre despidos en la SIOP coment\u00f3 que \u00e9l no tiene conocimiento de que se haya despedido a alguien sigue trabajando la misma gente que cuando \u00e9l lleg\u00f3 son m\u00e1s de 700 personas las que est\u00e1n laborando en dicha dependencia.<\/p>\n\n\n\n<p><strong>Acciones en Xalapa <\/strong><\/p>\n\n\n\n<p>En otro orden de ideas dio a conocer que se reuni\u00f3 este martes con el presidente municipal de Xalapa, Ricardo Ahued Bardahuil para definir la participaci\u00f3n del Gobierno del Estado y del Ayuntamiento en la rehabilitaci\u00f3n de la avenida L\u00e1zaro C\u00e1rdenas y otras calles en esta capital.<\/p>\n\n\n\n<p>\u201cPara ver qu\u00e9 van a hacer ellos, qu\u00e9 vamos a hacer nosotros y trabajar en conjunto para que se vea m\u00e1s obra en Xalapa. Fue eso, ver qu\u00e9 van a hacer ellos y el plan que tenemos nosotros para este a\u00f1o\u201d, coment\u00f3.<\/p>\n\n\n\n<p>Precis\u00f3 que hay un convenio con el presidente municipal para que el Ayuntamiento intervenga la base de la avenida L\u00e1zaro C\u00e1rdenas y la SIOP aplique el nuevo concreto en las partes afectadas de dicha avenida.<\/p>\n\n\n\n<p>\u201cEn Arco Sur tambi\u00e9n vamos a meter concreto en todo lo que est\u00e1 afectado. Ah\u00ed m\u00e1s que nada es asfalto y lo vamos a convertir en concreto, eso es lo que vamos a trabajar en conjunto y obviamente trabajos de permisos que ellos nos tienen que dar para a veces hacer calles y nosotros validarles tambi\u00e9n proyectos que tambi\u00e9n ellos van a hacer\u201d, inform\u00f3.<\/p>\n\n\n\n<p>Finalmente dio a conocer que se coordinar\u00e1n con otros ayuntamientos de la zona, como Teocelo para rehabilitar carreteras, la cual realizar\u00edan por etapas y tratar\u00e1n de iniciar este a\u00f1o.<\/p>\n","protected":false},"excerpt":{"rendered":"<p>Dar\u00edo Pale Xalapa, Ver.- El titular de la Secretar\u00eda de Infraestructura y Obras P\u00fablicas (SIOP), Elio Hern\u00e1ndez Guti\u00e9rrez, podr\u00eda ser que a mediados de este a\u00f1o empiecen a realizar la reparaci\u00f3n de los da\u00f1os ocasionados por el hurac\u00e1n Grace ya que son afectaciones por mil 200 millones de pesos. En entrevista se\u00f1al\u00f3 que en los [&hellip;]<\/p>\n","protected":false},"author":1,"featured_media":25010,"comment_status":"open","ping_status":"open","sticky":false,"template":"","format":"standard","meta":{"_jetpack_memberships_contains_paid_content":false,"footnotes":""},"categories":[2],"tags":[],"class_list":["post-25009","post","type-post","status-publish","format-standard","has-post-thumbnail","hentry","category-estado"],"jetpack_featured_media_url":"https:\/\/encuentroinformativo.com.mx\/wp-content\/uploads\/2022\/03\/EA69E129-4D48-490F-8D51-2C2C7354BFFD.jpeg","jetpack_sharing_enabled":true,"jetpack_likes_enabled":true,"amp_enabled":true,"_links":{"self":[{"href":"https:\/\/encuentroinformativo.com.mx\/index.php?rest_route=\/wp\/v2\/posts\/25009","targetHints":{"allow":["GET"]}}],"collection":[{"href":"https:\/\/encuentroinformativo.com.mx\/index.php?rest_route=\/wp\/v2\/posts"}],"about":[{"href":"https:\/\/encuentroinformativo.com.mx\/index.php?rest_route=\/wp\/v2\/types\/post"}],"author":[{"embeddable":true,"href":"https:\/\/encuentroinformativo.com.mx\/index.php?rest_route=\/wp\/v2\/users\/1"}],"replies":[{"embeddable":true,"href":"https:\/\/encuentroinformativo.com.mx\/index.php?rest_route=%2Fwp%2Fv2%2Fcomments&post=25009"}],"version-history":[{"count":1,"href":"https:\/\/encuentroinformativo.com.mx\/index.php?rest_route=\/wp\/v2\/posts\/25009\/revisions"}],"predecessor-version":[{"id":25011,"href":"https:\/\/encuentroinformativo.com.mx\/index.php?rest_route=\/wp\/v2\/posts\/25009\/revisions\/25011"}],"wp:featuredmedia":[{"embeddable":true,"href":"https:\/\/encuentroinformativo.com.mx\/index.php?rest_route=\/wp\/v2\/media\/25010"}],"wp:attachment":[{"href":"https:\/\/encuentroinformativo.com.mx\/index.php?rest_route=%2Fwp%2Fv2%2Fmedia&parent=25009"}],"wp:term":[{"taxonomy":"category","embeddable":true,"href":"https:\/\/encuentroinformativo.com.mx\/index.php?rest_route=%2Fwp%2Fv2%2Fcategories&post=25009"},{"taxonomy":"post_tag","embeddable":true,"href":"https:\/\/encuentroinformativo.com.mx\/index.php?rest_route=%2Fwp%2Fv2%2Ftags&post=25009"}],"curies":[{"name":"wp","href":"https:\/\/api.w.org\/{rel}","templated":true}]}}