{"id":25012,"date":"2022-03-22T14:34:33","date_gmt":"2022-03-22T20:34:33","guid":{"rendered":"https:\/\/encuentroinformativo.com.mx\/?p=25012"},"modified":"2022-03-22T14:34:36","modified_gmt":"2022-03-22T20:34:36","slug":"realizan-protesta-contra-amlo","status":"publish","type":"post","link":"https:\/\/encuentroinformativo.com.mx\/?p=25012","title":{"rendered":"Realizan protesta contra AMLO"},"content":{"rendered":"\n<p><strong>Juan Arcos<\/strong><\/p>\n\n\n\n<p>Xalapa, Ver.- Un grupo de personas con playeras y gorras del Partido Acci\u00f3n Nacional (PAN) protest\u00f3 frente a Palacio de Gobierno, en la ciudad de Xalapa, con un inflable donde se observaba el rostro caricaturesco del presidente Andr\u00e9s Manuel L\u00f3pez Obrador.<\/p>\n\n\n\n<p>Los presuntos simpatizantes del albiazul se pronunciaron en contra de que AMLO contin\u00fae al frente del gobierno federal e invitaron a la poblaci\u00f3n a participar en la consulta de revocaci\u00f3n de mandato, el pr\u00f3ximo 10 de abril.<\/p>\n\n\n\n<p>\u201cAMLO vete ya, vota 10 de abril\u201d, se le\u00eda tambi\u00e9n en el inflable que fue instalado sobre Plaza Sebasti\u00e1n Lerdo de Tejada, en el Centro Hist\u00f3rico de la capital de Veracruz.\u00a0<br>Estas personas permanecieron sobre la plaza p\u00fablica, a un costado de la Catedral Metropolitana, durante aproximadamente 20 minutos, antes del mediod\u00eda de este martes 22 de marzo.<\/p>\n\n\n\n<p>Posteriormente, desmontaron el inflable, se retiraron de la zona y minutos despu\u00e9s arrib\u00f3 a la plaza p\u00fablica un peque\u00f1o grupo de personas a favor de L\u00f3pez Obrador.<\/p>\n\n\n\n<p>Los seguidores del mandatario federal montaron una carpa en el mismo sitio y una mesa con lonas donde se le\u00eda la leyenda: \u201cque siga AMLO, tu participaci\u00f3n es la esperanza. Vota este 10 de abril\u201d.<\/p>\n\n\n\n<p>En la misma ciudad de Xalapa, sobre la avenida 20 de Noviembre, cerca de la calle Estanzuela, permanece un espectacular con mensajes negativos hacia el Presidente de la Rep\u00fablica.<\/p>\n\n\n\n<p>\u201cEste 10 de abril vota para que se vaya. Porque nos ha mentido, nos ha robado y nos ha traicionado\u201d.<\/p>\n\n\n\n<p>Este \u00faltimo mensaje fue colocado por integrantes del Frente Nacional Anti AMLO (Frenna), quienes han realizado protestas y caravanas en distintos municipios de Veracruz para exigir la renuncia de L\u00f3pez Obrador.<\/p>\n","protected":false},"excerpt":{"rendered":"<p>Juan Arcos Xalapa, Ver.- Un grupo de personas con playeras y gorras del Partido Acci\u00f3n Nacional (PAN) protest\u00f3 frente a Palacio de Gobierno, en la ciudad de Xalapa, con un inflable donde se observaba el rostro caricaturesco del presidente Andr\u00e9s Manuel L\u00f3pez Obrador. Los presuntos simpatizantes del albiazul se pronunciaron en contra de que AMLO [&hellip;]<\/p>\n","protected":false},"author":1,"featured_media":25013,"comment_status":"open","ping_status":"open","sticky":false,"template":"","format":"standard","meta":{"_jetpack_memberships_contains_paid_content":false,"footnotes":""},"categories":[3],"tags":[],"class_list":["post-25012","post","type-post","status-publish","format-standard","has-post-thumbnail","hentry","category-xalapa"],"jetpack_featured_media_url":"https:\/\/encuentroinformativo.com.mx\/wp-content\/uploads\/2022\/03\/CC07F934-9A91-41FB-8BC5-859624942546.jpeg","jetpack_sharing_enabled":true,"jetpack_likes_enabled":true,"amp_enabled":true,"_links":{"self":[{"href":"https:\/\/encuentroinformativo.com.mx\/index.php?rest_route=\/wp\/v2\/posts\/25012","targetHints":{"allow":["GET"]}}],"collection":[{"href":"https:\/\/encuentroinformativo.com.mx\/index.php?rest_route=\/wp\/v2\/posts"}],"about":[{"href":"https:\/\/encuentroinformativo.com.mx\/index.php?rest_route=\/wp\/v2\/types\/post"}],"author":[{"embeddable":true,"href":"https:\/\/encuentroinformativo.com.mx\/index.php?rest_route=\/wp\/v2\/users\/1"}],"replies":[{"embeddable":true,"href":"https:\/\/encuentroinformativo.com.mx\/index.php?rest_route=%2Fwp%2Fv2%2Fcomments&post=25012"}],"version-history":[{"count":1,"href":"https:\/\/encuentroinformativo.com.mx\/index.php?rest_route=\/wp\/v2\/posts\/25012\/revisions"}],"predecessor-version":[{"id":25014,"href":"https:\/\/encuentroinformativo.com.mx\/index.php?rest_route=\/wp\/v2\/posts\/25012\/revisions\/25014"}],"wp:featuredmedia":[{"embeddable":true,"href":"https:\/\/encuentroinformativo.com.mx\/index.php?rest_route=\/wp\/v2\/media\/25013"}],"wp:attachment":[{"href":"https:\/\/encuentroinformativo.com.mx\/index.php?rest_route=%2Fwp%2Fv2%2Fmedia&parent=25012"}],"wp:term":[{"taxonomy":"category","embeddable":true,"href":"https:\/\/encuentroinformativo.com.mx\/index.php?rest_route=%2Fwp%2Fv2%2Fcategories&post=25012"},{"taxonomy":"post_tag","embeddable":true,"href":"https:\/\/encuentroinformativo.com.mx\/index.php?rest_route=%2Fwp%2Fv2%2Ftags&post=25012"}],"curies":[{"name":"wp","href":"https:\/\/api.w.org\/{rel}","templated":true}]}}