{"id":25025,"date":"2022-03-22T22:04:27","date_gmt":"2022-03-23T04:04:27","guid":{"rendered":"https:\/\/encuentroinformativo.com.mx\/?p=25025"},"modified":"2022-03-22T22:04:30","modified_gmt":"2022-03-23T04:04:30","slug":"encabeza-alcalde-jm-unanue-instalacion-del-consejo-de-seguridad-publica-municipal","status":"publish","type":"post","link":"https:\/\/encuentroinformativo.com.mx\/?p=25025","title":{"rendered":"Encabeza Alcalde JM Un\u00e1nue instalaci\u00f3n del Consejo de Seguridad P\u00fablica Municipal"},"content":{"rendered":"\n<p><strong>*<em>Agradeci\u00f3 la participaci\u00f3n de las instituciones de seguridad, a quienes les reconoci\u00f3 su entrega y labor para garantizar una de las principales demandas de la ciudadan\u00eda: la seguridad p\u00fablica<\/em><\/strong>.<\/p>\n\n\n\n<p><strong>*Afirm\u00f3 que la sociedad civil tiene un rol fundamental para influir de manera positiva, a fin de que los servicios respondan a las necesidades de seguridad de los ciudadanos, de manera transparente, eficiente, y de acuerdo a la ley<\/strong>.<\/p>\n\n\n\n<p>Boca del R\u00edo, Ver.- Al encabezar la instalaci\u00f3n del Consejo de Seguridad P\u00fablica Municipal y del Comit\u00e9 de Participaci\u00f3n Ciudadana en Boca de R\u00edo, el alcalde Juan Manuel Un\u00e1nue Abascal agradeci\u00f3 la participaci\u00f3n de las instituciones de seguridad -aqu\u00ed representadas-, a quienes reconoci\u00f3 su entrega y labor para garantizar una de las demandas m\u00e1s fuertes de la ciudadan\u00eda, que es la seguridad p\u00fablica.<\/p>\n\n\n\n<p>Tambi\u00e9n agradeci\u00f3 a los representantes de la sociedad civil que aceptaron integrarse a este importante instrumento de participaci\u00f3n, ya que dijo, sus conocimientos y experiencia contribuir\u00e1n al cumplimiento de los objetivos y fines de la seguridad p\u00fablica para la ciudad.<\/p>\n\n\n\n<p>Un\u00e1nue afirm\u00f3 que aunque la seguridad p\u00fablica es responsabilidad del Estado, la sociedad civil tiene un rol fundamental para influir de manera positiva, a fin de que los servicios respondan a las necesidades de seguridad de los ciudadanos, de manera transparente, eficiente, y de acuerdo a la ley.<\/p>\n\n\n\n<p>\u201cEste trabajo de integraci\u00f3n entre las instituciones, autoridades y sociedad civil, es un ejercicio necesario para garantizar una nueva ruta rumbo a la implementaci\u00f3n de la cultura de paz, ya que sus integrantes ser\u00e1n personas cuyas actividades est\u00e1n representadas en diferentes sectores sociales de nuestra comunidad\u201d, destac\u00f3.<\/p>\n\n\n\n<p>El Alcalde de Boca del R\u00edo subray\u00f3 que este d\u00eda se sientan las bases para mantener el trabajo de integraci\u00f3n con dem\u00e1s sectores de la sociedad, como el de la educaci\u00f3n, cultura, deporte, comercio, as\u00ed como las asociaciones civiles y religiosas, sectores privados, medios de comunicaci\u00f3n y todos aquellos que tengan inter\u00e9s en coadyuvar con las Instituciones de Seguridad P\u00fablica.<\/p>\n\n\n\n<p>Afirm\u00f3 que este Comit\u00e9 ser\u00e1 un instrumento necesario para trazar nuevos caminos relacionados con prevenci\u00f3n de la violencia y la delincuencia, acciones de vigilancia y seguridad preventiva; gracias a las propuestas para nuevos lineamientos, pol\u00edticas p\u00fablicas, medidas espec\u00edficas y acciones de mejora para la seguridad p\u00fablica.<\/p>\n\n\n\n<p>Dijo estar convencido que entre todos sumar\u00e1n voluntades para mejorar la seguridad y la percepci\u00f3n ciudadana en esta materia, ya que con estos trabajos no s\u00f3lo dar\u00e1n bienestar a las personas, sino que incentivar\u00e1n una cadena de valores que impactar\u00e1n positivamente en el desarrollo del municipio, y para que Boca del R\u00edo se consolide como lo mejor de Veracruz.<\/p>\n\n\n\n<p>\u201cEsta instalaci\u00f3n es la confirmaci\u00f3n del compromiso que tenemos en esta administraci\u00f3n para construir una instancia de deliberaci\u00f3n, consulta y definici\u00f3n de pol\u00edticas p\u00fablicas en la materia; estoy muy agradecido con cada uno de las y los ciudadanos que ser\u00e1n parte de este importante instrumento de participaci\u00f3n ciudadana, muchas gracias por su generosidad con Boca del R\u00edo\u201d, concluy\u00f3 el Alcalde.<\/p>\n\n\n\n<p>Estuvieron presentes en el evento el Secretario Ejecutivo del Sistema y del Consejo Estatal de Seguridad P\u00fablica, Javier Rica\u00f1o Escobar; el Coordinador de Vinculaci\u00f3n con Consejos Municipales de Seguridad P\u00fablica y Comit\u00e9s de Participaci\u00f3n Ciudadana, Miguel \u00c1lvarez Dorantes; as\u00ed como autoridades de las distintas instituciones de seguridad, ediles y funcionarios p\u00fablicos municipales.<\/p>\n\n\n\n<figure class=\"wp-block-image size-large\"><img loading=\"lazy\" decoding=\"async\" width=\"1024\" height=\"683\" src=\"https:\/\/encuentroinformativo.com.mx\/wp-content\/uploads\/2022\/03\/D2B7A3FC-FE1A-49E2-B86C-DE52DC39CEE4.jpeg\" alt=\"\" class=\"wp-image-25028\" srcset=\"https:\/\/encuentroinformativo.com.mx\/wp-content\/uploads\/2022\/03\/D2B7A3FC-FE1A-49E2-B86C-DE52DC39CEE4.jpeg 1024w, https:\/\/encuentroinformativo.com.mx\/wp-content\/uploads\/2022\/03\/D2B7A3FC-FE1A-49E2-B86C-DE52DC39CEE4-300x200.jpeg 300w, https:\/\/encuentroinformativo.com.mx\/wp-content\/uploads\/2022\/03\/D2B7A3FC-FE1A-49E2-B86C-DE52DC39CEE4-768x512.jpeg 768w\" sizes=\"auto, (max-width: 1024px) 100vw, 1024px\" \/><\/figure>\n","protected":false},"excerpt":{"rendered":"<p>*Agradeci\u00f3 la participaci\u00f3n de las instituciones de seguridad, a quienes les reconoci\u00f3 su entrega y labor para garantizar una de las principales demandas de la ciudadan\u00eda: la seguridad p\u00fablica. *Afirm\u00f3 que la sociedad civil tiene un rol fundamental para influir de manera positiva, a fin de que los servicios respondan a las necesidades de seguridad [&hellip;]<\/p>\n","protected":false},"author":1,"featured_media":25027,"comment_status":"open","ping_status":"open","sticky":false,"template":"","format":"standard","meta":{"_jetpack_memberships_contains_paid_content":false,"footnotes":""},"categories":[2],"tags":[],"class_list":["post-25025","post","type-post","status-publish","format-standard","has-post-thumbnail","hentry","category-estado"],"jetpack_featured_media_url":"https:\/\/encuentroinformativo.com.mx\/wp-content\/uploads\/2022\/03\/340F50CB-959C-4A16-B076-57917413D0D9.jpeg","jetpack_sharing_enabled":true,"jetpack_likes_enabled":true,"amp_enabled":true,"_links":{"self":[{"href":"https:\/\/encuentroinformativo.com.mx\/index.php?rest_route=\/wp\/v2\/posts\/25025","targetHints":{"allow":["GET"]}}],"collection":[{"href":"https:\/\/encuentroinformativo.com.mx\/index.php?rest_route=\/wp\/v2\/posts"}],"about":[{"href":"https:\/\/encuentroinformativo.com.mx\/index.php?rest_route=\/wp\/v2\/types\/post"}],"author":[{"embeddable":true,"href":"https:\/\/encuentroinformativo.com.mx\/index.php?rest_route=\/wp\/v2\/users\/1"}],"replies":[{"embeddable":true,"href":"https:\/\/encuentroinformativo.com.mx\/index.php?rest_route=%2Fwp%2Fv2%2Fcomments&post=25025"}],"version-history":[{"count":1,"href":"https:\/\/encuentroinformativo.com.mx\/index.php?rest_route=\/wp\/v2\/posts\/25025\/revisions"}],"predecessor-version":[{"id":25029,"href":"https:\/\/encuentroinformativo.com.mx\/index.php?rest_route=\/wp\/v2\/posts\/25025\/revisions\/25029"}],"wp:featuredmedia":[{"embeddable":true,"href":"https:\/\/encuentroinformativo.com.mx\/index.php?rest_route=\/wp\/v2\/media\/25027"}],"wp:attachment":[{"href":"https:\/\/encuentroinformativo.com.mx\/index.php?rest_route=%2Fwp%2Fv2%2Fmedia&parent=25025"}],"wp:term":[{"taxonomy":"category","embeddable":true,"href":"https:\/\/encuentroinformativo.com.mx\/index.php?rest_route=%2Fwp%2Fv2%2Fcategories&post=25025"},{"taxonomy":"post_tag","embeddable":true,"href":"https:\/\/encuentroinformativo.com.mx\/index.php?rest_route=%2Fwp%2Fv2%2Ftags&post=25025"}],"curies":[{"name":"wp","href":"https:\/\/api.w.org\/{rel}","templated":true}]}}