{"id":25035,"date":"2022-03-23T12:16:33","date_gmt":"2022-03-23T18:16:33","guid":{"rendered":"https:\/\/encuentroinformativo.com.mx\/?p=25035"},"modified":"2022-03-23T12:16:36","modified_gmt":"2022-03-23T18:16:36","slug":"insiste-frena-con-caravanas-anti-amlo","status":"publish","type":"post","link":"https:\/\/encuentroinformativo.com.mx\/?p=25035","title":{"rendered":"Insiste FRENA con caravanas anti-AMLO"},"content":{"rendered":"\n<p><strong>Dar\u00edo Pale <\/strong><\/p>\n\n\n\n<p>Xalapa, Ver.- Nilda Ria\u00f1o Rodr\u00edguez coordinadora del Frente Nacional Anti-AMLO (FRENA), en Xalapa invitaron a los ciudadanos a participar este domingo 27 de marzo en la caravana m\u00f3vil, que se llevar\u00e1 a cabo a partir de las 11:30 de la ma\u00f1ana, partiendo de la Central de Abastos.<\/p>\n\n\n\n<p>En conferencia de prensa expuso que el objetivo de la caravana es promover la participaci\u00f3n de las y los ciudadanos en la revocaci\u00f3n del mandato el pr\u00f3ximo 10 de abril, para revocar el mandato del Presidente.<\/p>\n\n\n\n<p>\u201cTiene la funci\u00f3n de promover el voto ciudadano el pr\u00f3ximo 10 de abril. Estamos decididos a quitar a L\u00f3pez Obrador porque el Art\u00edculo 35 nos da todo el derecho constitucional de quitar al Presidente, a revocar su mandato. Invitamos a votar. Esta caravana es con ese motivo&#8221;, coment\u00f3.<\/p>\n\n\n\n<p>Afirm\u00f3 que si no se detiene al Mandatario ahora, despu\u00e9s no se podr\u00e1, porque su intenci\u00f3n es infiltrar a consejeros electorales en la renovaci\u00f3n de los mismos, el pr\u00f3ximo a\u00f1o.<\/p>\n\n\n\n<p>&#8220;\u00c9l tratara de infiltrar a su gente para poder cambiar la Constituci\u00f3n, eliminar al INE y as\u00ed perpetuarse en el poder como lo hicieron Hugo Ch\u00e1vez y Nicol\u00e1s Maduro&#8221;, se\u00f1al\u00f3.<\/p>\n\n\n\n<p>\u201cEs una llamada a todos los ciudadanos a que abran los ojos y que voten por quitarlo ahora y no despu\u00e9s cuando ya no tengamos INE, cuando no tengamos democracia&#8221;, agreg\u00f3.<\/p>\n\n\n\n<p>Finalmente critic\u00f3 que el Ejecutivo federal haya destruido instituciones y ahora busque hacerlo con el \u00f3rgano electoral.<\/p>\n","protected":false},"excerpt":{"rendered":"<p>Dar\u00edo Pale Xalapa, Ver.- Nilda Ria\u00f1o Rodr\u00edguez coordinadora del Frente Nacional Anti-AMLO (FRENA), en Xalapa invitaron a los ciudadanos a participar este domingo 27 de marzo en la caravana m\u00f3vil, que se llevar\u00e1 a cabo a partir de las 11:30 de la ma\u00f1ana, partiendo de la Central de Abastos. En conferencia de prensa expuso que [&hellip;]<\/p>\n","protected":false},"author":1,"featured_media":11943,"comment_status":"open","ping_status":"open","sticky":false,"template":"","format":"standard","meta":{"_jetpack_memberships_contains_paid_content":false,"footnotes":""},"categories":[3],"tags":[],"class_list":["post-25035","post","type-post","status-publish","format-standard","has-post-thumbnail","hentry","category-xalapa"],"jetpack_featured_media_url":"https:\/\/encuentroinformativo.com.mx\/wp-content\/uploads\/2021\/03\/1D9B9999-A204-4707-AE2D-9482B78EB8E7.jpeg","jetpack_sharing_enabled":true,"jetpack_likes_enabled":true,"amp_enabled":true,"_links":{"self":[{"href":"https:\/\/encuentroinformativo.com.mx\/index.php?rest_route=\/wp\/v2\/posts\/25035","targetHints":{"allow":["GET"]}}],"collection":[{"href":"https:\/\/encuentroinformativo.com.mx\/index.php?rest_route=\/wp\/v2\/posts"}],"about":[{"href":"https:\/\/encuentroinformativo.com.mx\/index.php?rest_route=\/wp\/v2\/types\/post"}],"author":[{"embeddable":true,"href":"https:\/\/encuentroinformativo.com.mx\/index.php?rest_route=\/wp\/v2\/users\/1"}],"replies":[{"embeddable":true,"href":"https:\/\/encuentroinformativo.com.mx\/index.php?rest_route=%2Fwp%2Fv2%2Fcomments&post=25035"}],"version-history":[{"count":1,"href":"https:\/\/encuentroinformativo.com.mx\/index.php?rest_route=\/wp\/v2\/posts\/25035\/revisions"}],"predecessor-version":[{"id":25036,"href":"https:\/\/encuentroinformativo.com.mx\/index.php?rest_route=\/wp\/v2\/posts\/25035\/revisions\/25036"}],"wp:featuredmedia":[{"embeddable":true,"href":"https:\/\/encuentroinformativo.com.mx\/index.php?rest_route=\/wp\/v2\/media\/11943"}],"wp:attachment":[{"href":"https:\/\/encuentroinformativo.com.mx\/index.php?rest_route=%2Fwp%2Fv2%2Fmedia&parent=25035"}],"wp:term":[{"taxonomy":"category","embeddable":true,"href":"https:\/\/encuentroinformativo.com.mx\/index.php?rest_route=%2Fwp%2Fv2%2Fcategories&post=25035"},{"taxonomy":"post_tag","embeddable":true,"href":"https:\/\/encuentroinformativo.com.mx\/index.php?rest_route=%2Fwp%2Fv2%2Ftags&post=25035"}],"curies":[{"name":"wp","href":"https:\/\/api.w.org\/{rel}","templated":true}]}}