{"id":25037,"date":"2022-03-23T12:29:52","date_gmt":"2022-03-23T18:29:52","guid":{"rendered":"https:\/\/encuentroinformativo.com.mx\/?p=25037"},"modified":"2022-03-23T12:54:57","modified_gmt":"2022-03-23T18:54:57","slug":"reclaman-pago-de-laudos-en-tlacojalpan","status":"publish","type":"post","link":"https:\/\/encuentroinformativo.com.mx\/?p=25037","title":{"rendered":"Reclaman pago de laudos en Tlacojalpan"},"content":{"rendered":"\n<p><strong>Dar\u00edo Pale<\/strong><\/p>\n\n\n\n<p>Xalapa, Ver.- Se manifestaron en la plaza Ledo extrabajadores del municipio de Tlacojalpan ya que tienen m\u00e1s de 11 a\u00f1os que los despidieron de su centro de trabajo, acusaron que en Veracruz hay un Tribunal Estatal de Conciliaci\u00f3n y Arbitraje, as\u00ed como una ley estatal del servicio civil que son inoperantes.<\/p>\n\n\n\n<p>Entrevistado durante la manifestaci\u00f3n Marco Tulio Collona Sosa apoderado legal de los extrabajadores se\u00f1al\u00f3 que desde el gobierno del exgobernador Javier Duarte de Ochoa mandaron a hacer una reforma a dicha ley.<\/p>\n\n\n\n<p>Por lo anterior coment\u00f3 que actualmente no hay manera jur\u00eddica mediante la cual se pueda hacer efectivo el cobro de dichos laudos, ya que no se pueden embargar las cuentas ya que con la Reforma qued\u00f3 prohibida esa acci\u00f3n.<\/p>\n\n\n\n<p>De igual forma los bienes inmuebles como son para un servicio p\u00fablico son inembargables, acus\u00f3 que en Veracruz hay una justicia laboral &#8220;debo d\u00e9bil&#8221;, es una farsa la justicia laboral en el estado.<\/p>\n\n\n\n<p>&#8220;Se imagina usted dictan un laudo y lo use tienen que hacer los trabajadores es mandarles a hacer un bonito marco aunque sea de pino, colgarlos en su habitaci\u00f3n para que recuerden de manera permanente que en el estado de Veracruz no hay justicia laboral democr\u00e1tica&#8221;, coment\u00f3.<\/p>\n\n\n\n<p>Finalmente record\u00f3 que llevan m\u00e1s de 11 a\u00f1os luchando par que les paguen el laudo que asciende a m\u00e1s de seis millones y medio de pesos, por lo que est\u00e1n solicitando la intervenci\u00f3n del gobernador de Veracruz Cuitl\u00e1huac Garc\u00eda Jim\u00e9nez.<\/p>\n\n\n\n<figure class=\"wp-block-image size-large\"><img loading=\"lazy\" decoding=\"async\" width=\"1024\" height=\"683\" src=\"https:\/\/encuentroinformativo.com.mx\/wp-content\/uploads\/2022\/03\/98EC6B8B-8629-40F9-99D7-167F9E360E4A-1024x683.jpeg\" alt=\"\" class=\"wp-image-25046\" srcset=\"https:\/\/encuentroinformativo.com.mx\/wp-content\/uploads\/2022\/03\/98EC6B8B-8629-40F9-99D7-167F9E360E4A-1024x683.jpeg 1024w, https:\/\/encuentroinformativo.com.mx\/wp-content\/uploads\/2022\/03\/98EC6B8B-8629-40F9-99D7-167F9E360E4A-300x200.jpeg 300w, https:\/\/encuentroinformativo.com.mx\/wp-content\/uploads\/2022\/03\/98EC6B8B-8629-40F9-99D7-167F9E360E4A-768x512.jpeg 768w, https:\/\/encuentroinformativo.com.mx\/wp-content\/uploads\/2022\/03\/98EC6B8B-8629-40F9-99D7-167F9E360E4A.jpeg 1488w\" sizes=\"auto, (max-width: 1024px) 100vw, 1024px\" \/><\/figure>\n\n\n\n<figure class=\"wp-block-image size-large\"><img loading=\"lazy\" decoding=\"async\" width=\"1024\" height=\"683\" src=\"https:\/\/encuentroinformativo.com.mx\/wp-content\/uploads\/2022\/03\/40D13A7B-F63A-4B5E-AA3B-C7CAD9899040-1024x683.jpeg\" alt=\"\" class=\"wp-image-25047\" srcset=\"https:\/\/encuentroinformativo.com.mx\/wp-content\/uploads\/2022\/03\/40D13A7B-F63A-4B5E-AA3B-C7CAD9899040-1024x683.jpeg 1024w, https:\/\/encuentroinformativo.com.mx\/wp-content\/uploads\/2022\/03\/40D13A7B-F63A-4B5E-AA3B-C7CAD9899040-300x200.jpeg 300w, https:\/\/encuentroinformativo.com.mx\/wp-content\/uploads\/2022\/03\/40D13A7B-F63A-4B5E-AA3B-C7CAD9899040-768x512.jpeg 768w, https:\/\/encuentroinformativo.com.mx\/wp-content\/uploads\/2022\/03\/40D13A7B-F63A-4B5E-AA3B-C7CAD9899040.jpeg 1488w\" sizes=\"auto, (max-width: 1024px) 100vw, 1024px\" \/><\/figure>\n","protected":false},"excerpt":{"rendered":"<p>Dar\u00edo Pale Xalapa, Ver.- Se manifestaron en la plaza Ledo extrabajadores del municipio de Tlacojalpan ya que tienen m\u00e1s de 11 a\u00f1os que los despidieron de su centro de trabajo, acusaron que en Veracruz hay un Tribunal Estatal de Conciliaci\u00f3n y Arbitraje, as\u00ed como una ley estatal del servicio civil que son inoperantes. Entrevistado durante [&hellip;]<\/p>\n","protected":false},"author":1,"featured_media":25045,"comment_status":"open","ping_status":"open","sticky":false,"template":"","format":"standard","meta":{"_jetpack_memberships_contains_paid_content":false,"footnotes":""},"categories":[2],"tags":[],"class_list":["post-25037","post","type-post","status-publish","format-standard","has-post-thumbnail","hentry","category-estado"],"jetpack_featured_media_url":"https:\/\/encuentroinformativo.com.mx\/wp-content\/uploads\/2022\/03\/193AEE47-1DD7-4771-9ED4-247C711F0CC6.jpeg","jetpack_sharing_enabled":true,"jetpack_likes_enabled":true,"amp_enabled":true,"_links":{"self":[{"href":"https:\/\/encuentroinformativo.com.mx\/index.php?rest_route=\/wp\/v2\/posts\/25037","targetHints":{"allow":["GET"]}}],"collection":[{"href":"https:\/\/encuentroinformativo.com.mx\/index.php?rest_route=\/wp\/v2\/posts"}],"about":[{"href":"https:\/\/encuentroinformativo.com.mx\/index.php?rest_route=\/wp\/v2\/types\/post"}],"author":[{"embeddable":true,"href":"https:\/\/encuentroinformativo.com.mx\/index.php?rest_route=\/wp\/v2\/users\/1"}],"replies":[{"embeddable":true,"href":"https:\/\/encuentroinformativo.com.mx\/index.php?rest_route=%2Fwp%2Fv2%2Fcomments&post=25037"}],"version-history":[{"count":2,"href":"https:\/\/encuentroinformativo.com.mx\/index.php?rest_route=\/wp\/v2\/posts\/25037\/revisions"}],"predecessor-version":[{"id":25048,"href":"https:\/\/encuentroinformativo.com.mx\/index.php?rest_route=\/wp\/v2\/posts\/25037\/revisions\/25048"}],"wp:featuredmedia":[{"embeddable":true,"href":"https:\/\/encuentroinformativo.com.mx\/index.php?rest_route=\/wp\/v2\/media\/25045"}],"wp:attachment":[{"href":"https:\/\/encuentroinformativo.com.mx\/index.php?rest_route=%2Fwp%2Fv2%2Fmedia&parent=25037"}],"wp:term":[{"taxonomy":"category","embeddable":true,"href":"https:\/\/encuentroinformativo.com.mx\/index.php?rest_route=%2Fwp%2Fv2%2Fcategories&post=25037"},{"taxonomy":"post_tag","embeddable":true,"href":"https:\/\/encuentroinformativo.com.mx\/index.php?rest_route=%2Fwp%2Fv2%2Ftags&post=25037"}],"curies":[{"name":"wp","href":"https:\/\/api.w.org\/{rel}","templated":true}]}}