{"id":25040,"date":"2022-03-23T12:50:28","date_gmt":"2022-03-23T18:50:28","guid":{"rendered":"https:\/\/encuentroinformativo.com.mx\/?p=25040"},"modified":"2022-03-23T12:50:32","modified_gmt":"2022-03-23T18:50:32","slug":"anuncian-festival-de-la-orquidea-en-coatepec","status":"publish","type":"post","link":"https:\/\/encuentroinformativo.com.mx\/?p=25040","title":{"rendered":"Anuncian Festival de la Orqu\u00eddea en Coatepec"},"content":{"rendered":"\n<p><strong>Juan Arcos<\/strong> <\/p>\n\n\n\n<p>Coatepec, Ver.- Del 7 al 15 de abril se llevar\u00e1 a cabo el Festival Internacional de la Orqu\u00eddea en el municipio de Coatepec, para reactivar la econom\u00eda en la regi\u00f3n y promover la conservaci\u00f3n de estas especies.<\/p>\n\n\n\n<p>El director general del Festival Internacional de la Orqu\u00eddea, \u00d3scar Espino Contreras, inform\u00f3 que participar\u00e1n en el evento 250 expositores de Coatepec y de otros estados como Chiapas, Jalisco y la Ciudad de M\u00e9xico.<\/p>\n\n\n\n<p>El evento tendr\u00e1 lugar en el sal\u00f3n Texin del Pueblo M\u00e1gico, donde los visitantes podr\u00e1n apreciar m\u00e1s de 25 mil plantas y disfrutar de lonas de 100 actividades culturales y art\u00edsticas.<\/p>\n\n\n\n<p>Habr\u00e1 talleres de cultivo y enfocados a ni\u00f1as y ni\u00f1os para la conservaci\u00f3n de las especies. Adem\u00e1s, en esta decimatercera edici\u00f3n del festival ser\u00e1n expuestos m\u00e1s de 100 \u00e1rboles bons\u00e1is.<\/p>\n\n\n\n<p>Tambi\u00e9n ser\u00e1n ofertados productos artesanales de la regi\u00f3n capital, entre ellos de Xico, Teocelo y Cosautl\u00e1n de Carvajal.<\/p>\n\n\n\n<p>Las actividades ser\u00e1n de diez de la ma\u00f1ana a ocho de la noche, indic\u00f3 el tambi\u00e9n Director del Museo de la Orqu\u00eddea de Coatepec.<\/p>\n","protected":false},"excerpt":{"rendered":"<p>Juan Arcos Coatepec, Ver.- Del 7 al 15 de abril se llevar\u00e1 a cabo el Festival Internacional de la Orqu\u00eddea en el municipio de Coatepec, para reactivar la econom\u00eda en la regi\u00f3n y promover la conservaci\u00f3n de estas especies. El director general del Festival Internacional de la Orqu\u00eddea, \u00d3scar Espino Contreras, inform\u00f3 que participar\u00e1n en [&hellip;]<\/p>\n","protected":false},"author":1,"featured_media":25041,"comment_status":"open","ping_status":"open","sticky":false,"template":"","format":"standard","meta":{"_jetpack_memberships_contains_paid_content":false,"footnotes":""},"categories":[8],"tags":[],"class_list":["post-25040","post","type-post","status-publish","format-standard","has-post-thumbnail","hentry","category-region"],"jetpack_featured_media_url":"https:\/\/encuentroinformativo.com.mx\/wp-content\/uploads\/2022\/03\/59D5C5C9-5F3C-48D2-9846-8C51972EEEC0.jpeg","jetpack_sharing_enabled":true,"jetpack_likes_enabled":true,"amp_enabled":true,"_links":{"self":[{"href":"https:\/\/encuentroinformativo.com.mx\/index.php?rest_route=\/wp\/v2\/posts\/25040","targetHints":{"allow":["GET"]}}],"collection":[{"href":"https:\/\/encuentroinformativo.com.mx\/index.php?rest_route=\/wp\/v2\/posts"}],"about":[{"href":"https:\/\/encuentroinformativo.com.mx\/index.php?rest_route=\/wp\/v2\/types\/post"}],"author":[{"embeddable":true,"href":"https:\/\/encuentroinformativo.com.mx\/index.php?rest_route=\/wp\/v2\/users\/1"}],"replies":[{"embeddable":true,"href":"https:\/\/encuentroinformativo.com.mx\/index.php?rest_route=%2Fwp%2Fv2%2Fcomments&post=25040"}],"version-history":[{"count":1,"href":"https:\/\/encuentroinformativo.com.mx\/index.php?rest_route=\/wp\/v2\/posts\/25040\/revisions"}],"predecessor-version":[{"id":25042,"href":"https:\/\/encuentroinformativo.com.mx\/index.php?rest_route=\/wp\/v2\/posts\/25040\/revisions\/25042"}],"wp:featuredmedia":[{"embeddable":true,"href":"https:\/\/encuentroinformativo.com.mx\/index.php?rest_route=\/wp\/v2\/media\/25041"}],"wp:attachment":[{"href":"https:\/\/encuentroinformativo.com.mx\/index.php?rest_route=%2Fwp%2Fv2%2Fmedia&parent=25040"}],"wp:term":[{"taxonomy":"category","embeddable":true,"href":"https:\/\/encuentroinformativo.com.mx\/index.php?rest_route=%2Fwp%2Fv2%2Fcategories&post=25040"},{"taxonomy":"post_tag","embeddable":true,"href":"https:\/\/encuentroinformativo.com.mx\/index.php?rest_route=%2Fwp%2Fv2%2Ftags&post=25040"}],"curies":[{"name":"wp","href":"https:\/\/api.w.org\/{rel}","templated":true}]}}