{"id":25052,"date":"2022-03-23T13:37:56","date_gmt":"2022-03-23T19:37:56","guid":{"rendered":"https:\/\/encuentroinformativo.com.mx\/?p=25052"},"modified":"2022-03-23T13:38:00","modified_gmt":"2022-03-23T19:38:00","slug":"en-altotonga-asesinan-a-mujer-a-balazos-en-centro-de-la-ciudad","status":"publish","type":"post","link":"https:\/\/encuentroinformativo.com.mx\/?p=25052","title":{"rendered":"En Altotonga, asesinan a mujer a balazos en centro de la ciudad"},"content":{"rendered":"\n<p><strong>Alejandro \u00c1vila<\/strong><\/p>\n\n\n\n<p>Altotonga, Ver.- Una joven fue asesinada a balazos en pleno centro de la localidad de La Palma, cu\u00e1ndo cenaba la noche de este martes con una amiga, en un comercio del municipio de Altotonga.<\/p>\n\n\n\n<p>Los hechos ocurrieron en un establecimiento de venta de garnachas, cuando la noche de este martes sujetos desconocidos dispararon a quemarropa y en varias ocasiones, a qui\u00e9n respond\u00eda en vida como Alejandra &#8220;N&#8221;.<\/p>\n\n\n\n<p>Tras los hechos sucedidos la ciudadan\u00eda mostr\u00f3 su indignaci\u00f3n, pues aseguran se encuentran a merced de la delincuencia, misma que se\u00f1alaron se ha disparado durante el actual gobierno municipal.<\/p>\n\n\n\n<p>Cabe mencionar que el pasado 2 de marzo se suscit\u00f3 el feminicidio de la peque\u00f1a Santa Cecilia en el municipio de San Miguel Tlalpoalan, hecho que tambi\u00e9n indigno a la poblaci\u00f3n y tras las exigencias p\u00fablicas, el asesino pudo ser detenido semanas despu\u00e9s.<\/p>\n\n\n\n<p>Adem\u00e1s de estas lamentables muertes, los ciudadanos del municipio de Altotonga relatan que el robo de motocicletas, asaltos en v\u00eda p\u00fablica y robos a casas y comercios, han ido en aumento durante los primeros meses del a\u00f1o.<\/p>\n","protected":false},"excerpt":{"rendered":"<p>Alejandro \u00c1vila Altotonga, Ver.- Una joven fue asesinada a balazos en pleno centro de la localidad de La Palma, cu\u00e1ndo cenaba la noche de este martes con una amiga, en un comercio del municipio de Altotonga. Los hechos ocurrieron en un establecimiento de venta de garnachas, cuando la noche de este martes sujetos desconocidos dispararon [&hellip;]<\/p>\n","protected":false},"author":1,"featured_media":25053,"comment_status":"open","ping_status":"open","sticky":false,"template":"","format":"standard","meta":{"_jetpack_memberships_contains_paid_content":false,"footnotes":""},"categories":[14],"tags":[],"class_list":["post-25052","post","type-post","status-publish","format-standard","has-post-thumbnail","hentry","category-policiaca"],"jetpack_featured_media_url":"https:\/\/encuentroinformativo.com.mx\/wp-content\/uploads\/2022\/03\/41926BE2-9060-49DC-AAB4-CE387F69F4BD.jpeg","jetpack_sharing_enabled":true,"jetpack_likes_enabled":true,"amp_enabled":true,"_links":{"self":[{"href":"https:\/\/encuentroinformativo.com.mx\/index.php?rest_route=\/wp\/v2\/posts\/25052","targetHints":{"allow":["GET"]}}],"collection":[{"href":"https:\/\/encuentroinformativo.com.mx\/index.php?rest_route=\/wp\/v2\/posts"}],"about":[{"href":"https:\/\/encuentroinformativo.com.mx\/index.php?rest_route=\/wp\/v2\/types\/post"}],"author":[{"embeddable":true,"href":"https:\/\/encuentroinformativo.com.mx\/index.php?rest_route=\/wp\/v2\/users\/1"}],"replies":[{"embeddable":true,"href":"https:\/\/encuentroinformativo.com.mx\/index.php?rest_route=%2Fwp%2Fv2%2Fcomments&post=25052"}],"version-history":[{"count":1,"href":"https:\/\/encuentroinformativo.com.mx\/index.php?rest_route=\/wp\/v2\/posts\/25052\/revisions"}],"predecessor-version":[{"id":25054,"href":"https:\/\/encuentroinformativo.com.mx\/index.php?rest_route=\/wp\/v2\/posts\/25052\/revisions\/25054"}],"wp:featuredmedia":[{"embeddable":true,"href":"https:\/\/encuentroinformativo.com.mx\/index.php?rest_route=\/wp\/v2\/media\/25053"}],"wp:attachment":[{"href":"https:\/\/encuentroinformativo.com.mx\/index.php?rest_route=%2Fwp%2Fv2%2Fmedia&parent=25052"}],"wp:term":[{"taxonomy":"category","embeddable":true,"href":"https:\/\/encuentroinformativo.com.mx\/index.php?rest_route=%2Fwp%2Fv2%2Fcategories&post=25052"},{"taxonomy":"post_tag","embeddable":true,"href":"https:\/\/encuentroinformativo.com.mx\/index.php?rest_route=%2Fwp%2Fv2%2Ftags&post=25052"}],"curies":[{"name":"wp","href":"https:\/\/api.w.org\/{rel}","templated":true}]}}