{"id":25055,"date":"2022-03-23T13:43:32","date_gmt":"2022-03-23T19:43:32","guid":{"rendered":"https:\/\/encuentroinformativo.com.mx\/?p=25055"},"modified":"2022-03-23T13:43:36","modified_gmt":"2022-03-23T19:43:36","slug":"denuncian-padres-falta-de-maestros-en-escuelas-de-veracruz-puerto","status":"publish","type":"post","link":"https:\/\/encuentroinformativo.com.mx\/?p=25055","title":{"rendered":"Denuncian padres falta de maestros en escuelas de Veracruz Puerto"},"content":{"rendered":"\n<p><strong>Alejandro \u00c1vila<\/strong><\/p>\n\n\n\n<p>Veracruz, Ver.- Padres de alumnos de la escuela primaria &#8220;L\u00e1zaro C\u00e1rdenas del R\u00edo&#8221;, ubicada en Lomas de Tarimoya, al norte de la ciudad de Veracruz, denuncian la falta de maestros, intendente, as\u00ed como problemas con la energ\u00eda el\u00e9ctrica.<\/p>\n\n\n\n<p>La se\u00f1ora Roc\u00edo Rosas Rosas relat\u00f3 que, desde hace 5 a\u00f1os se quedaron sin el empleado de intendencia del plantel educativo, mientras que a mediados de octubre del 2021 tuvieron problemas por la falta de docentes, por si fuera poco, varios salones est\u00e1n en ruinas y, tienen problemas con la energ\u00eda el\u00e9ctrica en toda la escuela.<\/p>\n\n\n\n<p>Los padres de familia manifestantes dijeron qu\u00e9, la directora del plantel educativo a realizado las diligencias pertinentes, pues ha acudido a la delegaci\u00f3n de la SEV en Veracruz e incluso, ha ido a la ciudad de Xalapa a dejar oficios para que les puedan ayudar con sus problemas; sin embargo, no han obtenido respuesta de la dependencia estatal.<\/p>\n\n\n\n<p>&#8220;No se nos hace justo que nos tengan a nosotros en vuelta y vuelta y no nos solucionen nada (\u2026) nos han recibido pero no los dan soluci\u00f3n&#8221;, dijo la quejosa.<\/p>\n\n\n\n<p>Los padres de familia mencionaron que, desde que regresaron a clases presenciales, se han tenido que turnar para limpiar las aulas, los sanitarios y las canchas deportivas.<\/p>\n\n\n\n<p>&#8221; Todo lo hacemos nosotros porque no tenemos intendencia (\u2026) la estructura est\u00e1 en p\u00e9simas condiciones, el techo se est\u00e1 cayendo y hay salones que les falta piso, estamos p\u00e9simos (\u2026) tambi\u00e9n el poste se est\u00e1 cayendo, echa chispas, se va la luz muy seguido&#8221;, reclam\u00f3 Roc\u00edo Rosas.<\/p>\n\n\n\n<p>En cuanto al tema de los docentes mencionaron que, por el momento un maestro da clases a dos grupos, situaci\u00f3n que ha generado problemas, pues son de diferentes grados y al impartir clase a salones diferentes, no se le pone una especial atenci\u00f3n a la educaci\u00f3n de los estudiantes.<\/p>\n\n\n\n<p>La escuela primaria &#8220;L\u00e1zaro C\u00e1rdenas del R\u00edo&#8221;, ubicada en Lomas de Tarimoya, cuenta con una matr\u00edcula de 130 alumnos en el turno matutino, mismos que se est\u00e1n viendo afectados en su educaci\u00f3n por las problem\u00e1ticas ya mencionadas.<\/p>\n","protected":false},"excerpt":{"rendered":"<p>Alejandro \u00c1vila Veracruz, Ver.- Padres de alumnos de la escuela primaria &#8220;L\u00e1zaro C\u00e1rdenas del R\u00edo&#8221;, ubicada en Lomas de Tarimoya, al norte de la ciudad de Veracruz, denuncian la falta de maestros, intendente, as\u00ed como problemas con la energ\u00eda el\u00e9ctrica. La se\u00f1ora Roc\u00edo Rosas Rosas relat\u00f3 que, desde hace 5 a\u00f1os se quedaron sin el [&hellip;]<\/p>\n","protected":false},"author":1,"featured_media":25056,"comment_status":"open","ping_status":"open","sticky":false,"template":"","format":"standard","meta":{"_jetpack_memberships_contains_paid_content":false,"footnotes":""},"categories":[2],"tags":[],"class_list":["post-25055","post","type-post","status-publish","format-standard","has-post-thumbnail","hentry","category-estado"],"jetpack_featured_media_url":"https:\/\/encuentroinformativo.com.mx\/wp-content\/uploads\/2022\/03\/6A048E88-A2C0-47BE-9B6E-26474A6C3AD3.jpeg","jetpack_sharing_enabled":true,"jetpack_likes_enabled":true,"amp_enabled":true,"_links":{"self":[{"href":"https:\/\/encuentroinformativo.com.mx\/index.php?rest_route=\/wp\/v2\/posts\/25055","targetHints":{"allow":["GET"]}}],"collection":[{"href":"https:\/\/encuentroinformativo.com.mx\/index.php?rest_route=\/wp\/v2\/posts"}],"about":[{"href":"https:\/\/encuentroinformativo.com.mx\/index.php?rest_route=\/wp\/v2\/types\/post"}],"author":[{"embeddable":true,"href":"https:\/\/encuentroinformativo.com.mx\/index.php?rest_route=\/wp\/v2\/users\/1"}],"replies":[{"embeddable":true,"href":"https:\/\/encuentroinformativo.com.mx\/index.php?rest_route=%2Fwp%2Fv2%2Fcomments&post=25055"}],"version-history":[{"count":1,"href":"https:\/\/encuentroinformativo.com.mx\/index.php?rest_route=\/wp\/v2\/posts\/25055\/revisions"}],"predecessor-version":[{"id":25057,"href":"https:\/\/encuentroinformativo.com.mx\/index.php?rest_route=\/wp\/v2\/posts\/25055\/revisions\/25057"}],"wp:featuredmedia":[{"embeddable":true,"href":"https:\/\/encuentroinformativo.com.mx\/index.php?rest_route=\/wp\/v2\/media\/25056"}],"wp:attachment":[{"href":"https:\/\/encuentroinformativo.com.mx\/index.php?rest_route=%2Fwp%2Fv2%2Fmedia&parent=25055"}],"wp:term":[{"taxonomy":"category","embeddable":true,"href":"https:\/\/encuentroinformativo.com.mx\/index.php?rest_route=%2Fwp%2Fv2%2Fcategories&post=25055"},{"taxonomy":"post_tag","embeddable":true,"href":"https:\/\/encuentroinformativo.com.mx\/index.php?rest_route=%2Fwp%2Fv2%2Ftags&post=25055"}],"curies":[{"name":"wp","href":"https:\/\/api.w.org\/{rel}","templated":true}]}}